
{"id":15168,"date":"2012-04-28T17:32:43","date_gmt":"2012-04-28T20:32:43","guid":{"rendered":"http:\/\/www.sudoestehoje.com.br\/novoportal\/?p=15168"},"modified":"2012-04-28T21:17:37","modified_gmt":"2012-04-29T00:17:37","slug":"lancamento-da-42a-exposicao","status":"publish","type":"post","link":"https:\/\/www.sudoestehoje.com.br\/novoportal\/2012\/04\/28\/lancamento-da-42a-exposicao\/","title":{"rendered":"LAN\u00c7AMENTO DA 42\u00aa EXPOSI\u00c7\u00c3O"},"content":{"rendered":"<p><iframe loading=\"lazy\" title=\"TV Catol\u00e9 - Lan\u00e7amento da 42\u00aa Exposi\u00e7\u00e3o.mpg\" width=\"500\" height=\"375\" src=\"https:\/\/www.youtube.com\/embed\/nx5n7lkkZpE?feature=oembed\" frameborder=\"0\" allow=\"accelerometer; autoplay; clipboard-write; encrypted-media; gyroscope; picture-in-picture; web-share\" referrerpolicy=\"strict-origin-when-cross-origin\" allowfullscreen><\/iframe><\/p>\n<p>ITAPETINGA: Foi em grande estilo e com a presen\u00e7a de v\u00e1rios convidados o lan\u00e7amento da 42\u00aa Exposi\u00e7\u00e3o Agropecu\u00e1ria de Itapetinga. O evento foi na noite desta quinta \u2013 feira, 27, no Tattersal Donaciano Macedo, no Parque de Exposi\u00e7\u00f5es Juvino Oliveira, que foi reformado e passou a ser chamado de Tattersal Eventos.<\/p>\n<p>Durante o lan\u00e7amento \u00a0da 42\u00aa Exposi\u00e7\u00e3o que vai acontecer de 29 de maio \u00e0 02 junho a diretoria do Sindicato Rural relembrou as grandes exposi\u00e7\u00f5es atrav\u00e9s de imagens exibidas em tel\u00f5es e apresentou a programa\u00e7\u00e3o do evento. A Exposi\u00e7\u00e3o de Itapetinga vai contar tamb\u00e9m com a participa\u00e7\u00e3o da 3\u00aa Feira de Neg\u00f3cios\u00a0SEBRAE em parceria com a CDL de Itapetinga.<\/p>\n<p>Segundo Henrique Brugni, presidente do Sindicato Rural, o evento superou as expectativas e foi dado o primeiro passo para a realiza\u00e7\u00e3o de um dos melhores eventos da Bahia. Informa\u00e7\u00f5es do\u00a0<em>Itapetinga News<\/em><\/p>\n","protected":false},"excerpt":{"rendered":"<p>ITAPETINGA: Foi em grande estilo e com a presen\u00e7a de v\u00e1rios convidados o lan\u00e7amento da 42\u00aa Exposi\u00e7\u00e3o Agropecu\u00e1ria de Itapetinga. O evento foi na noite desta quinta \u2013 feira, 27, no Tattersal Donaciano Macedo, no Parque de Exposi\u00e7\u00f5es Juvino Oliveira, que foi reformado e passou a ser chamado de Tattersal Eventos. Durante o lan\u00e7amento \u00a0da [&hellip;]<\/p>\n","protected":false},"author":2,"featured_media":0,"comment_status":"open","ping_status":"open","sticky":false,"template":"","format":"standard","meta":{"footnotes":"","_links_to":"","_links_to_target":""},"categories":[1],"tags":[],"class_list":["post-15168","post","type-post","status-publish","format-standard","hentry","category-geral"],"views":1325,"_links":{"self":[{"href":"https:\/\/www.sudoestehoje.com.br\/novoportal\/wp-json\/wp\/v2\/posts\/15168","targetHints":{"allow":["GET"]}}],"collection":[{"href":"https:\/\/www.sudoestehoje.com.br\/novoportal\/wp-json\/wp\/v2\/posts"}],"about":[{"href":"https:\/\/www.sudoestehoje.com.br\/novoportal\/wp-json\/wp\/v2\/types\/post"}],"author":[{"embeddable":true,"href":"https:\/\/www.sudoestehoje.com.br\/novoportal\/wp-json\/wp\/v2\/users\/2"}],"replies":[{"embeddable":true,"href":"https:\/\/www.sudoestehoje.com.br\/novoportal\/wp-json\/wp\/v2\/comments?post=15168"}],"version-history":[{"count":5,"href":"https:\/\/www.sudoestehoje.com.br\/novoportal\/wp-json\/wp\/v2\/posts\/15168\/revisions"}],"predecessor-version":[{"id":15175,"href":"https:\/\/www.sudoestehoje.com.br\/novoportal\/wp-json\/wp\/v2\/posts\/15168\/revisions\/15175"}],"wp:attachment":[{"href":"https:\/\/www.sudoestehoje.com.br\/novoportal\/wp-json\/wp\/v2\/media?parent=15168"}],"wp:term":[{"taxonomy":"category","embeddable":true,"href":"https:\/\/www.sudoestehoje.com.br\/novoportal\/wp-json\/wp\/v2\/categories?post=15168"},{"taxonomy":"post_tag","embeddable":true,"href":"https:\/\/www.sudoestehoje.com.br\/novoportal\/wp-json\/wp\/v2\/tags?post=15168"}],"curies":[{"name":"wp","href":"https:\/\/api.w.org\/{rel}","templated":true}]}}