
{"id":15147,"date":"2012-04-27T11:19:28","date_gmt":"2012-04-27T14:19:28","guid":{"rendered":"http:\/\/www.sudoestehoje.com.br\/novoportal\/?p=15147"},"modified":"2012-04-27T11:19:28","modified_gmt":"2012-04-27T14:19:28","slug":"greve-dos-professores-em-caso-de-corte-de-ponto-nao-havera-reposicao-de-aulas","status":"publish","type":"post","link":"https:\/\/www.sudoestehoje.com.br\/novoportal\/2012\/04\/27\/greve-dos-professores-em-caso-de-corte-de-ponto-nao-havera-reposicao-de-aulas\/","title":{"rendered":"GREVE DOS PROFESSORES: EM CASO DE CORTE DE PONTO, N\u00c3O HAVER\u00c1 REPOSI\u00c7\u00c3O DE AULAS"},"content":{"rendered":"<p><img loading=\"lazy\" decoding=\"async\" class=\"aligncenter\" src=\"http:\/\/giroemipiau.com.br\/wp-content\/uploads\/2012\/04\/greve_professores_bahia-400x259.jpg\" alt=\"\" width=\"400\" height=\"259\" \/><\/p>\n<p>Se o governo baiano mantiver a posi\u00e7\u00e3o de cortar o ponto dos professores da rede estadual de ensino, em greve h\u00e1 16 dias, n\u00e3o haver\u00e1 reposi\u00e7\u00e3o das aulas perdidas. A amea\u00e7a, que pode comprometer o ano letivo e prejudicar cerca de 32 mil alunos, foi feita pelo presidente do Sindicato dos Trabalhadores em Educa\u00e7\u00e3o do Estado da Bahia (APLB), Rui Oliveira. \u201cEles v\u00e3o ter que contratar quem reponha. A greve come\u00e7ou por causa do governo, que n\u00e3o cumpriu o acordo de garantir os 22,22% de reajuste. [&#8230;]\u00a0 O governo diz que est\u00e1 aberto ao di\u00e1logo, mas os professores est\u00e3o tendo os sal\u00e1rios cortados, que di\u00e1logo \u00e9 esse?\u201d, questionou em entrevista ao jornal Correio. A categoria se re\u00fane na manh\u00e3 desta sexta-feira (27) nas depend\u00eancias da Assembleia Legislativa,\u00a0<strong><a href=\"http:\/\/www.bahianoticias.com.br\/principal\/noticia\/114799-professores-estaduais-em-greve-acampam-na-assembleia.html\" target=\"_blank\">onde permanecem acampados<\/a><\/strong>, para fazer um enterro simb\u00f3lico do governador Jaques Wagner.<\/p>\n","protected":false},"excerpt":{"rendered":"<p>Se o governo baiano mantiver a posi\u00e7\u00e3o de cortar o ponto dos professores da rede estadual de ensino, em greve h\u00e1 16 dias, n\u00e3o haver\u00e1 reposi\u00e7\u00e3o das aulas perdidas. A amea\u00e7a, que pode comprometer o ano letivo e prejudicar cerca de 32 mil alunos, foi feita pelo presidente do Sindicato dos Trabalhadores em Educa\u00e7\u00e3o do [&hellip;]<\/p>\n","protected":false},"author":2,"featured_media":0,"comment_status":"open","ping_status":"open","sticky":false,"template":"","format":"standard","meta":{"footnotes":"","_links_to":"","_links_to_target":""},"categories":[1],"tags":[],"class_list":["post-15147","post","type-post","status-publish","format-standard","hentry","category-geral"],"views":1333,"_links":{"self":[{"href":"https:\/\/www.sudoestehoje.com.br\/novoportal\/wp-json\/wp\/v2\/posts\/15147","targetHints":{"allow":["GET"]}}],"collection":[{"href":"https:\/\/www.sudoestehoje.com.br\/novoportal\/wp-json\/wp\/v2\/posts"}],"about":[{"href":"https:\/\/www.sudoestehoje.com.br\/novoportal\/wp-json\/wp\/v2\/types\/post"}],"author":[{"embeddable":true,"href":"https:\/\/www.sudoestehoje.com.br\/novoportal\/wp-json\/wp\/v2\/users\/2"}],"replies":[{"embeddable":true,"href":"https:\/\/www.sudoestehoje.com.br\/novoportal\/wp-json\/wp\/v2\/comments?post=15147"}],"version-history":[{"count":3,"href":"https:\/\/www.sudoestehoje.com.br\/novoportal\/wp-json\/wp\/v2\/posts\/15147\/revisions"}],"predecessor-version":[{"id":15150,"href":"https:\/\/www.sudoestehoje.com.br\/novoportal\/wp-json\/wp\/v2\/posts\/15147\/revisions\/15150"}],"wp:attachment":[{"href":"https:\/\/www.sudoestehoje.com.br\/novoportal\/wp-json\/wp\/v2\/media?parent=15147"}],"wp:term":[{"taxonomy":"category","embeddable":true,"href":"https:\/\/www.sudoestehoje.com.br\/novoportal\/wp-json\/wp\/v2\/categories?post=15147"},{"taxonomy":"post_tag","embeddable":true,"href":"https:\/\/www.sudoestehoje.com.br\/novoportal\/wp-json\/wp\/v2\/tags?post=15147"}],"curies":[{"name":"wp","href":"https:\/\/api.w.org\/{rel}","templated":true}]}}