
{"id":15138,"date":"2012-04-27T10:52:21","date_gmt":"2012-04-27T13:52:21","guid":{"rendered":"http:\/\/www.sudoestehoje.com.br\/novoportal\/?p=15138"},"modified":"2012-04-27T10:52:21","modified_gmt":"2012-04-27T13:52:21","slug":"professora-de-historia-da-uesb-lanca-livro-em-salvador","status":"publish","type":"post","link":"https:\/\/www.sudoestehoje.com.br\/novoportal\/2012\/04\/27\/professora-de-historia-da-uesb-lanca-livro-em-salvador\/","title":{"rendered":"PROFESSORA DE HIST\u00d3RIA DA UESB LAN\u00c7A LIVRO EM SALVADOR"},"content":{"rendered":"<p><img decoding=\"async\" class=\"aligncenter\" src=\"http:\/\/www.blogdoanderson.com\/v2\/wp-content\/uploads\/2012\/04\/Foto-Juarez-Matias-15.jpg\" alt=\"\" width=\"400\" \/><\/p>\n<p style=\"text-align: center;\"><em>Professora Avanete Pereira, do Departamento de Hist\u00f3ria da Uesb<\/em><\/p>\n<p>&nbsp;<\/p>\n<p>A professora Avanete Pereira Sousa, do Departamento de Hist\u00f3ria da Universidade Estadual do Sudoeste da Bahia (UESB), lan\u00e7ou nesta quinta-feira (25), \u00a0na Livraria Cultura, em Salvador,\u00a0o seu novo livro \u201cA Bahia no s\u00e9culo XVIII \u2013 Poder Pol\u00edtico Local e Atividades Econ\u00f4micas\u201d, da editora Alameda. O livro ser\u00e1 lan\u00e7ado tamb\u00e9m em Vit\u00f3ria da Conquista. \u00c9 fruto da sua tese de Doutorado de Hist\u00f3ria pela Universidade de S\u00e3o Paulo (USP), que procura estabelecer rela\u00e7\u00f5es entre o poder pol\u00edtico local, configurado nas v\u00e1rias inst\u00e2ncias pol\u00edtico-administrativas do poder metropolitano em Salvador colonial, sobretudo da C\u00e2mara Municipal, e a organiza\u00e7\u00e3o do cotidiano econ\u00f4mico da cidade. CONTINUE LENDO EM&#8230;<!--more--><\/p>\n<p>No s\u00e9culo XVIII, conforme os estudos da autora, moradores eram obrigados, sob pena de serem punidos com pagamento de taxas, a enfeitarem sacadas e janelas das ruas por onde prociss\u00f5es religiosas iriam passar. Os homens da nobreza da terra eram obrigados a participar das prociss\u00f5es, vestidos a rigor,caso contr\u00e1rio poderiam sofrer pris\u00e3o domiciliar. As interfer\u00eancias do poder local sobre a vida da cidade e de seus moradores iam desde a taxa\u00e7\u00e3o de pre\u00e7os dos mais diversos produtos, da fruta na feira \u00e0 carne vendida nos a\u00e7ougues, at\u00e9 o estabelecimento de locais determinados para a realiza\u00e7\u00e3o de certos servi\u00e7os. Autora tamb\u00e9m do livro \u201cSalvador, Capital da Col\u00f4nia\u201d, da editora Atual, j\u00e1 na 6\u00aa edi\u00e7\u00e3o, Avanete Souza est\u00e1 trabalhando para lan\u00e7ar mais um sobre o com\u00e9rcio e as rela\u00e7\u00f5es familiares na Bahia do s\u00e9culo XVIII.<\/p>\n","protected":false},"excerpt":{"rendered":"<p>Professora Avanete Pereira, do Departamento de Hist\u00f3ria da Uesb &nbsp; A professora Avanete Pereira Sousa, do Departamento de Hist\u00f3ria da Universidade Estadual do Sudoeste da Bahia (UESB), lan\u00e7ou nesta quinta-feira (25), \u00a0na Livraria Cultura, em Salvador,\u00a0o seu novo livro \u201cA Bahia no s\u00e9culo XVIII \u2013 Poder Pol\u00edtico Local e Atividades Econ\u00f4micas\u201d, da editora Alameda. O [&hellip;]<\/p>\n","protected":false},"author":2,"featured_media":0,"comment_status":"open","ping_status":"open","sticky":false,"template":"","format":"standard","meta":{"footnotes":"","_links_to":"","_links_to_target":""},"categories":[1],"tags":[],"class_list":["post-15138","post","type-post","status-publish","format-standard","hentry","category-geral"],"views":1473,"_links":{"self":[{"href":"https:\/\/www.sudoestehoje.com.br\/novoportal\/wp-json\/wp\/v2\/posts\/15138","targetHints":{"allow":["GET"]}}],"collection":[{"href":"https:\/\/www.sudoestehoje.com.br\/novoportal\/wp-json\/wp\/v2\/posts"}],"about":[{"href":"https:\/\/www.sudoestehoje.com.br\/novoportal\/wp-json\/wp\/v2\/types\/post"}],"author":[{"embeddable":true,"href":"https:\/\/www.sudoestehoje.com.br\/novoportal\/wp-json\/wp\/v2\/users\/2"}],"replies":[{"embeddable":true,"href":"https:\/\/www.sudoestehoje.com.br\/novoportal\/wp-json\/wp\/v2\/comments?post=15138"}],"version-history":[{"count":3,"href":"https:\/\/www.sudoestehoje.com.br\/novoportal\/wp-json\/wp\/v2\/posts\/15138\/revisions"}],"predecessor-version":[{"id":15141,"href":"https:\/\/www.sudoestehoje.com.br\/novoportal\/wp-json\/wp\/v2\/posts\/15138\/revisions\/15141"}],"wp:attachment":[{"href":"https:\/\/www.sudoestehoje.com.br\/novoportal\/wp-json\/wp\/v2\/media?parent=15138"}],"wp:term":[{"taxonomy":"category","embeddable":true,"href":"https:\/\/www.sudoestehoje.com.br\/novoportal\/wp-json\/wp\/v2\/categories?post=15138"},{"taxonomy":"post_tag","embeddable":true,"href":"https:\/\/www.sudoestehoje.com.br\/novoportal\/wp-json\/wp\/v2\/tags?post=15138"}],"curies":[{"name":"wp","href":"https:\/\/api.w.org\/{rel}","templated":true}]}}