
{"id":15112,"date":"2012-04-26T23:35:43","date_gmt":"2012-04-27T02:35:43","guid":{"rendered":"http:\/\/www.sudoestehoje.com.br\/novoportal\/?p=15112"},"modified":"2012-04-27T08:55:17","modified_gmt":"2012-04-27T11:55:17","slug":"tre-continua-cassando-infieis","status":"publish","type":"post","link":"https:\/\/www.sudoestehoje.com.br\/novoportal\/2012\/04\/26\/tre-continua-cassando-infieis\/","title":{"rendered":"TRE CONTINUA CASSANDO INFI\u00c9IS"},"content":{"rendered":"<p><img decoding=\"async\" class=\"aligncenter\" src=\"http:\/\/2.bp.blogspot.com\/-MWXze4UA6Kc\/T2UibiVcOLI\/AAAAAAAADU4\/-j7dEyH2-4Q\/s1600\/infidelidade.jpg\" alt=\"\" width=\"400\" \/><\/p>\n<p>&nbsp;<\/p>\n<p>Tr\u00eas vereadores de munic\u00edpios da Bahia perderam o cargo por desfilia\u00e7\u00e3o sem justa causa. As a\u00e7\u00f5es de decreta\u00e7\u00e3o de perda de cargo eletivo foram ajuizadas pela Procuradoria Regional Eleitoral na Bahia (PRE\/BA) e julgadas procedentes nas \u00faltimas duas semanas pelo Tribunal Regional Eleitoral (TRE-BA). O vereador de Am\u00e9rica Dourada, M\u00e1rcio de Oliveira Costa, desfiliou-se do Partido Republicano Progressista (PRP) e filiou-se ao Partido Progressista (PP); Amilton Matos Cardoso do munic\u00edpio de Antonio Gon\u00e7alves, saiu do Diret\u00f3rio Estadual do Partido Democr\u00e1tico Trabalhista (DEM) e ingressou no Partido Democr\u00e1tico Trabalhista (PDT). J\u00e1 o da cidade de Serra Preta, Epif\u00e2nio Souza Santos, desfiliou-se do Partido da Social Democracia Brasileira (PSDB) e passou a ser do Partido Republicano Progressista (PRP). Todos eles mudaram de legendas sem justa causa. BN<\/p>\n<p>&nbsp;<\/p>\n","protected":false},"excerpt":{"rendered":"<p>&nbsp; Tr\u00eas vereadores de munic\u00edpios da Bahia perderam o cargo por desfilia\u00e7\u00e3o sem justa causa. As a\u00e7\u00f5es de decreta\u00e7\u00e3o de perda de cargo eletivo foram ajuizadas pela Procuradoria Regional Eleitoral na Bahia (PRE\/BA) e julgadas procedentes nas \u00faltimas duas semanas pelo Tribunal Regional Eleitoral (TRE-BA). O vereador de Am\u00e9rica Dourada, M\u00e1rcio de Oliveira Costa, desfiliou-se [&hellip;]<\/p>\n","protected":false},"author":2,"featured_media":0,"comment_status":"open","ping_status":"open","sticky":false,"template":"","format":"standard","meta":{"footnotes":"","_links_to":"","_links_to_target":""},"categories":[1],"tags":[54,53],"class_list":["post-15112","post","type-post","status-publish","format-standard","hentry","category-geral","tag-infies","tag-tre"],"views":1938,"_links":{"self":[{"href":"https:\/\/www.sudoestehoje.com.br\/novoportal\/wp-json\/wp\/v2\/posts\/15112","targetHints":{"allow":["GET"]}}],"collection":[{"href":"https:\/\/www.sudoestehoje.com.br\/novoportal\/wp-json\/wp\/v2\/posts"}],"about":[{"href":"https:\/\/www.sudoestehoje.com.br\/novoportal\/wp-json\/wp\/v2\/types\/post"}],"author":[{"embeddable":true,"href":"https:\/\/www.sudoestehoje.com.br\/novoportal\/wp-json\/wp\/v2\/users\/2"}],"replies":[{"embeddable":true,"href":"https:\/\/www.sudoestehoje.com.br\/novoportal\/wp-json\/wp\/v2\/comments?post=15112"}],"version-history":[{"count":5,"href":"https:\/\/www.sudoestehoje.com.br\/novoportal\/wp-json\/wp\/v2\/posts\/15112\/revisions"}],"predecessor-version":[{"id":15137,"href":"https:\/\/www.sudoestehoje.com.br\/novoportal\/wp-json\/wp\/v2\/posts\/15112\/revisions\/15137"}],"wp:attachment":[{"href":"https:\/\/www.sudoestehoje.com.br\/novoportal\/wp-json\/wp\/v2\/media?parent=15112"}],"wp:term":[{"taxonomy":"category","embeddable":true,"href":"https:\/\/www.sudoestehoje.com.br\/novoportal\/wp-json\/wp\/v2\/categories?post=15112"},{"taxonomy":"post_tag","embeddable":true,"href":"https:\/\/www.sudoestehoje.com.br\/novoportal\/wp-json\/wp\/v2\/tags?post=15112"}],"curies":[{"name":"wp","href":"https:\/\/api.w.org\/{rel}","templated":true}]}}