
{"id":15108,"date":"2012-04-26T23:23:04","date_gmt":"2012-04-27T02:23:04","guid":{"rendered":"http:\/\/www.sudoestehoje.com.br\/novoportal\/?p=15108"},"modified":"2012-04-27T08:47:27","modified_gmt":"2012-04-27T11:47:27","slug":"conquista-esmeraldino-correia-apoia-herzem-gusmao","status":"publish","type":"post","link":"https:\/\/www.sudoestehoje.com.br\/novoportal\/2012\/04\/26\/conquista-esmeraldino-correia-apoia-herzem-gusmao\/","title":{"rendered":"CONQUISTA: ESMERALDINO CORREIA APOIA HERZEM GUSM\u00c3O"},"content":{"rendered":"<p><img decoding=\"async\" class=\"aligncenter\" src=\"http:\/\/www.blogdaresenhageral.com.br\/v1\/wp-content\/uploads\/DSC_01775.jpg\" alt=\"\" width=\"400\" \/><\/p>\n<p>&nbsp;<\/p>\n<p>Em uma reuni\u00e3o realizada na noite desta quarta-feira, o ex-candidato a prefeito nas \u00faltimas elei\u00e7\u00f5es em Vit\u00f3ria da Conquista, Esmeraldino Correia, que obteve cerca de 20 mil votos, declarou apoio a pr\u00e9-candidatura de Herzem Gusm\u00e3o (PMDB) para as pr\u00f3ximas elei\u00e7\u00f5es.\u00a0Correia tamb\u00e9m revelou que ir\u00e1 engrossar as fileiras do PMDB, deixando o PP, partido do qual ele \u00e9 filiado atualmente. Durante a reuni\u00e3o todos foram un\u00e2nimes em afirmar que se Herzem e Esmeraldino, estivessem juntos em 2008, teriam ganho as elei\u00e7\u00f5es.<em> Resenha Geral<\/em><\/p>\n","protected":false},"excerpt":{"rendered":"<p>&nbsp; Em uma reuni\u00e3o realizada na noite desta quarta-feira, o ex-candidato a prefeito nas \u00faltimas elei\u00e7\u00f5es em Vit\u00f3ria da Conquista, Esmeraldino Correia, que obteve cerca de 20 mil votos, declarou apoio a pr\u00e9-candidatura de Herzem Gusm\u00e3o (PMDB) para as pr\u00f3ximas elei\u00e7\u00f5es.\u00a0Correia tamb\u00e9m revelou que ir\u00e1 engrossar as fileiras do PMDB, deixando o PP, partido do [&hellip;]<\/p>\n","protected":false},"author":2,"featured_media":0,"comment_status":"open","ping_status":"open","sticky":false,"template":"","format":"standard","meta":{"footnotes":"","_links_to":"","_links_to_target":""},"categories":[1],"tags":[22,21],"class_list":["post-15108","post","type-post","status-publish","format-standard","hentry","category-geral","tag-herzem-gusmao","tag-vitoria-da-conquista"],"views":1986,"_links":{"self":[{"href":"https:\/\/www.sudoestehoje.com.br\/novoportal\/wp-json\/wp\/v2\/posts\/15108","targetHints":{"allow":["GET"]}}],"collection":[{"href":"https:\/\/www.sudoestehoje.com.br\/novoportal\/wp-json\/wp\/v2\/posts"}],"about":[{"href":"https:\/\/www.sudoestehoje.com.br\/novoportal\/wp-json\/wp\/v2\/types\/post"}],"author":[{"embeddable":true,"href":"https:\/\/www.sudoestehoje.com.br\/novoportal\/wp-json\/wp\/v2\/users\/2"}],"replies":[{"embeddable":true,"href":"https:\/\/www.sudoestehoje.com.br\/novoportal\/wp-json\/wp\/v2\/comments?post=15108"}],"version-history":[{"count":4,"href":"https:\/\/www.sudoestehoje.com.br\/novoportal\/wp-json\/wp\/v2\/posts\/15108\/revisions"}],"predecessor-version":[{"id":15111,"href":"https:\/\/www.sudoestehoje.com.br\/novoportal\/wp-json\/wp\/v2\/posts\/15108\/revisions\/15111"}],"wp:attachment":[{"href":"https:\/\/www.sudoestehoje.com.br\/novoportal\/wp-json\/wp\/v2\/media?parent=15108"}],"wp:term":[{"taxonomy":"category","embeddable":true,"href":"https:\/\/www.sudoestehoje.com.br\/novoportal\/wp-json\/wp\/v2\/categories?post=15108"},{"taxonomy":"post_tag","embeddable":true,"href":"https:\/\/www.sudoestehoje.com.br\/novoportal\/wp-json\/wp\/v2\/tags?post=15108"}],"curies":[{"name":"wp","href":"https:\/\/api.w.org\/{rel}","templated":true}]}}