
{"id":15101,"date":"2012-04-26T22:41:51","date_gmt":"2012-04-27T01:41:51","guid":{"rendered":"http:\/\/www.sudoestehoje.com.br\/novoportal\/?p=15101"},"modified":"2012-04-27T08:47:43","modified_gmt":"2012-04-27T11:47:43","slug":"escandalo-justica-afasta-seis-vereadores-de-itabuna","status":"publish","type":"post","link":"https:\/\/www.sudoestehoje.com.br\/novoportal\/2012\/04\/26\/escandalo-justica-afasta-seis-vereadores-de-itabuna\/","title":{"rendered":"ESC\u00c2NDALO: JUSTI\u00c7A AFASTA SEIS VEREADORES DE ITABUNA"},"content":{"rendered":"<p><img decoding=\"async\" class=\"aligncenter\" src=\"http:\/\/www.bahianoticias.com.br\/fotos\/principal_noticias\/115149\/IMAGEM_NOTICIA_3.jpg\" alt=\"Itabuna: Seis vereadores s\u00e3o afastados por envolvimento em irregularidades\" width=\"400\" \/><\/p>\n<p>ITABUNA: A ju\u00edza substituta da 1\u00aa Vara da Fazenda P\u00fablica de Itabuna, Rosineide Almeida, aceitou o pedido da promotoria p\u00fablica em a\u00e7\u00e3o cautelar e afastou seis vereadores por suposto envolvimento com a M\u00e1fia do Consignado na C\u00e2mara Municipal.<\/p>\n<p>A decis\u00e3o tomada nesta tarde atinge os vereadores Cl\u00f3vis Loiola (PSDC), Raimundo P\u00f3lvora (DEM), Ricardo Bacelar (PSC), Roberto de Souza (PR), Solon Pinheiro (DEM) e Wenceslau J\u00fanior (PCdoB).<\/p>\n<p>Os vereadores ser\u00e3o afastados por um prazo de 180 dias para que n\u00e3o atrapalhem as investiga\u00e7\u00f5es. Conforme o promotor p\u00fablico Inoc\u00eancio de Carvalho, existem provas robustas de envolvimento de vereadores e ex-assessores da C\u00e2mara, como Alisson Cerqueira, Kl\u00e9ber Ferreira e Antonio Carlos Carrero.<\/p>\n<p>A ju\u00edza Rosineide Almeida mandou intimar Prefeitura de Itabuna, Minist\u00e9rio P\u00fablico Estadual, Bradesco, Banco do Brasil, Banco Central do Brasil, Conselho de Controle de Atividades Financeiras (Coaf) e cart\u00f3rios de im\u00f3veis.<\/p>\n<p>Com o afastamento dos vereadores, tomam posse os suplentes Maria Neide Oliveira, a Neide de Carlito (PMN), J\u00fanior Brand\u00e3o (PT), Ant\u00f4nio F\u00e9lix Nascimento, o Pi\u00e7arra (PSDB), e Rosivaldo Pinheiro (PCdoB). A decis\u00e3o mant\u00e9m Glaby Andrade, o Gleb\u00e3o (PV), e Nadson Monteiro (PPS), suplentes que assumiram em janeiro com o afastamento dos vereadores Cl\u00f3vis Loiola e Ricardo Bacelar em outro processo. <em>Pimenta<\/em><\/p>\n","protected":false},"excerpt":{"rendered":"<p>ITABUNA: A ju\u00edza substituta da 1\u00aa Vara da Fazenda P\u00fablica de Itabuna, Rosineide Almeida, aceitou o pedido da promotoria p\u00fablica em a\u00e7\u00e3o cautelar e afastou seis vereadores por suposto envolvimento com a M\u00e1fia do Consignado na C\u00e2mara Municipal. A decis\u00e3o tomada nesta tarde atinge os vereadores Cl\u00f3vis Loiola (PSDC), Raimundo P\u00f3lvora (DEM), Ricardo Bacelar (PSC), [&hellip;]<\/p>\n","protected":false},"author":2,"featured_media":0,"comment_status":"open","ping_status":"open","sticky":false,"template":"","format":"standard","meta":{"footnotes":"","_links_to":"","_links_to_target":""},"categories":[1],"tags":[24,23],"class_list":["post-15101","post","type-post","status-publish","format-standard","hentry","category-geral","tag-itabuna","tag-vereadores"],"views":2138,"_links":{"self":[{"href":"https:\/\/www.sudoestehoje.com.br\/novoportal\/wp-json\/wp\/v2\/posts\/15101","targetHints":{"allow":["GET"]}}],"collection":[{"href":"https:\/\/www.sudoestehoje.com.br\/novoportal\/wp-json\/wp\/v2\/posts"}],"about":[{"href":"https:\/\/www.sudoestehoje.com.br\/novoportal\/wp-json\/wp\/v2\/types\/post"}],"author":[{"embeddable":true,"href":"https:\/\/www.sudoestehoje.com.br\/novoportal\/wp-json\/wp\/v2\/users\/2"}],"replies":[{"embeddable":true,"href":"https:\/\/www.sudoestehoje.com.br\/novoportal\/wp-json\/wp\/v2\/comments?post=15101"}],"version-history":[{"count":8,"href":"https:\/\/www.sudoestehoje.com.br\/novoportal\/wp-json\/wp\/v2\/posts\/15101\/revisions"}],"predecessor-version":[{"id":15106,"href":"https:\/\/www.sudoestehoje.com.br\/novoportal\/wp-json\/wp\/v2\/posts\/15101\/revisions\/15106"}],"wp:attachment":[{"href":"https:\/\/www.sudoestehoje.com.br\/novoportal\/wp-json\/wp\/v2\/media?parent=15101"}],"wp:term":[{"taxonomy":"category","embeddable":true,"href":"https:\/\/www.sudoestehoje.com.br\/novoportal\/wp-json\/wp\/v2\/categories?post=15101"},{"taxonomy":"post_tag","embeddable":true,"href":"https:\/\/www.sudoestehoje.com.br\/novoportal\/wp-json\/wp\/v2\/tags?post=15101"}],"curies":[{"name":"wp","href":"https:\/\/api.w.org\/{rel}","templated":true}]}}