
{"id":1509,"date":"2010-10-27T21:14:40","date_gmt":"2010-10-28T00:14:40","guid":{"rendered":"http:\/\/www.sudoestehoje.com.br\/novoportal\/?p=1509"},"modified":"2010-10-27T21:14:40","modified_gmt":"2010-10-28T00:14:40","slug":"prefeito-de-conquista-e-vaiado-no-comicio-de-dilma","status":"publish","type":"post","link":"https:\/\/www.sudoestehoje.com.br\/novoportal\/2010\/10\/27\/prefeito-de-conquista-e-vaiado-no-comicio-de-dilma\/","title":{"rendered":"Prefeito de Conquista \u00e9 vaiado no comicio de Dilma"},"content":{"rendered":"<p style=\"text-align: center;\"><img loading=\"lazy\" decoding=\"async\" title=\"DSC_0253\" src=\"http:\/\/www.blogdaresenhageral.com.br\/v1\/wp-content\/uploads\/DSC_02531.jpg\" alt=\"\" width=\"500\" height=\"333\" \/><\/p>\n<p style=\"text-align: center;\"><strong>Prefeito Guilherme(PT) recebeu sonoras vaias dos pr\u00f3prios petistas<\/strong><\/p>\n<p>\u00a0<\/p>\n<p>VIT\u00d3RIA DA CONQUISTA: Por essa o prefeito de Vit\u00f3ria da Conquista, Guilheme Menezes (PT), n\u00e3o esperava. Antes da fala da candidata \u00e0 Presid\u00eancia Dilma Rousseff durante com\u00edcio realizado na noite de hoje (ter\u00e7a-feira), na Pra\u00e7a Bar\u00e3o do Rio Branco, o gestor foi convidado pelo governador Jaques Wagner para saudar a popula\u00e7\u00e3o e dar as boas-vindas a toda a comitiva.<\/p>\n<p>Em alguns momentos o prefeito demonstrou nervosismo e n\u00e3o soube conter a anima\u00e7\u00e3o de todo o p\u00fablico presente. Durante o seu discursou, pediu sil\u00eancio a popula\u00e7\u00e3o que marcava presen\u00e7a no local, alegando que a sua fala seria curta, e acabou levando algumas vaias. No final, ele procurou contornar a situa\u00e7\u00e3o e teceu elogios \u00e0 Dilma e Lula. Blog da Resenha Geral<\/p>\n","protected":false},"excerpt":{"rendered":"<p>Prefeito Guilherme(PT) recebeu sonoras vaias dos pr\u00f3prios petistas \u00a0 VIT\u00d3RIA DA CONQUISTA: Por essa o prefeito de Vit\u00f3ria da Conquista, Guilheme Menezes (PT), n\u00e3o esperava. Antes da fala da candidata \u00e0 Presid\u00eancia Dilma Rousseff durante com\u00edcio realizado na noite de hoje (ter\u00e7a-feira), na Pra\u00e7a Bar\u00e3o do Rio Branco, o gestor foi convidado pelo governador Jaques [&hellip;]<\/p>\n","protected":false},"author":2,"featured_media":0,"comment_status":"open","ping_status":"open","sticky":false,"template":"","format":"standard","meta":{"footnotes":"","_links_to":"","_links_to_target":""},"categories":[1],"tags":[],"class_list":["post-1509","post","type-post","status-publish","format-standard","hentry","category-geral"],"views":1229,"_links":{"self":[{"href":"https:\/\/www.sudoestehoje.com.br\/novoportal\/wp-json\/wp\/v2\/posts\/1509","targetHints":{"allow":["GET"]}}],"collection":[{"href":"https:\/\/www.sudoestehoje.com.br\/novoportal\/wp-json\/wp\/v2\/posts"}],"about":[{"href":"https:\/\/www.sudoestehoje.com.br\/novoportal\/wp-json\/wp\/v2\/types\/post"}],"author":[{"embeddable":true,"href":"https:\/\/www.sudoestehoje.com.br\/novoportal\/wp-json\/wp\/v2\/users\/2"}],"replies":[{"embeddable":true,"href":"https:\/\/www.sudoestehoje.com.br\/novoportal\/wp-json\/wp\/v2\/comments?post=1509"}],"version-history":[{"count":4,"href":"https:\/\/www.sudoestehoje.com.br\/novoportal\/wp-json\/wp\/v2\/posts\/1509\/revisions"}],"predecessor-version":[{"id":1513,"href":"https:\/\/www.sudoestehoje.com.br\/novoportal\/wp-json\/wp\/v2\/posts\/1509\/revisions\/1513"}],"wp:attachment":[{"href":"https:\/\/www.sudoestehoje.com.br\/novoportal\/wp-json\/wp\/v2\/media?parent=1509"}],"wp:term":[{"taxonomy":"category","embeddable":true,"href":"https:\/\/www.sudoestehoje.com.br\/novoportal\/wp-json\/wp\/v2\/categories?post=1509"},{"taxonomy":"post_tag","embeddable":true,"href":"https:\/\/www.sudoestehoje.com.br\/novoportal\/wp-json\/wp\/v2\/tags?post=1509"}],"curies":[{"name":"wp","href":"https:\/\/api.w.org\/{rel}","templated":true}]}}