
{"id":15077,"date":"2012-04-25T15:17:51","date_gmt":"2012-04-25T18:17:51","guid":{"rendered":"http:\/\/www.sudoestehoje.com.br\/novoportal\/?p=15077"},"modified":"2012-04-27T08:48:40","modified_gmt":"2012-04-27T11:48:40","slug":"conquista-professor-protesta-queimando-seus-diplomas","status":"publish","type":"post","link":"https:\/\/www.sudoestehoje.com.br\/novoportal\/2012\/04\/25\/conquista-professor-protesta-queimando-seus-diplomas\/","title":{"rendered":"CONQUISTA: PROFESSOR PROTESTA QUEIMANDO SEUS DIPLOMAS"},"content":{"rendered":"<p><img decoding=\"async\" class=\"aligncenter\" src=\"http:\/\/www.nucleodenoticias.com.br\/wp-content\/uploads\/2012\/04\/professor_queimadiplom1.jpg\" alt=\"\" width=\"500\" \/><\/p>\n<p style=\"text-align: center;\"><em>Professor queima diplomas em protesto<\/em><\/p>\n<p>&nbsp;<\/p>\n<p>VIT\u00d3RIA DA CONQUISTA: O historiador, especialista em educa\u00e7\u00e3o, Josaf\u00e1 Santos, de Vit\u00f3ria da Conquista, \u00a0fez um protesto inusitado: queimou seus certificados acad\u00eamicos como forma de protesto contra o tratamento recebido pelos educadores pelo governo.\u00a0\u201cConfesso que ao ver que tantos, tanto os desvalorizam, \u00a0as vezes sinto mesmo vontade de lan\u00e7ar os meus ao inferno, \u00e0s suas chamas. Ali\u00e1s, o fiz. A foto acima \u00e9 minha. Estes s\u00e3o alguns dos meus diplomas\u201d, diz o professor em um trecho de um artigo opinativo.<\/p>\n","protected":false},"excerpt":{"rendered":"<p>Professor queima diplomas em protesto &nbsp; VIT\u00d3RIA DA CONQUISTA: O historiador, especialista em educa\u00e7\u00e3o, Josaf\u00e1 Santos, de Vit\u00f3ria da Conquista, \u00a0fez um protesto inusitado: queimou seus certificados acad\u00eamicos como forma de protesto contra o tratamento recebido pelos educadores pelo governo.\u00a0\u201cConfesso que ao ver que tantos, tanto os desvalorizam, \u00a0as vezes sinto mesmo vontade de lan\u00e7ar [&hellip;]<\/p>\n","protected":false},"author":2,"featured_media":0,"comment_status":"open","ping_status":"open","sticky":false,"template":"","format":"standard","meta":{"footnotes":"","_links_to":"","_links_to_target":""},"categories":[1],"tags":[29,30,21],"class_list":["post-15077","post","type-post","status-publish","format-standard","hentry","category-geral","tag-professor","tag-protesto","tag-vitoria-da-conquista"],"views":1872,"_links":{"self":[{"href":"https:\/\/www.sudoestehoje.com.br\/novoportal\/wp-json\/wp\/v2\/posts\/15077","targetHints":{"allow":["GET"]}}],"collection":[{"href":"https:\/\/www.sudoestehoje.com.br\/novoportal\/wp-json\/wp\/v2\/posts"}],"about":[{"href":"https:\/\/www.sudoestehoje.com.br\/novoportal\/wp-json\/wp\/v2\/types\/post"}],"author":[{"embeddable":true,"href":"https:\/\/www.sudoestehoje.com.br\/novoportal\/wp-json\/wp\/v2\/users\/2"}],"replies":[{"embeddable":true,"href":"https:\/\/www.sudoestehoje.com.br\/novoportal\/wp-json\/wp\/v2\/comments?post=15077"}],"version-history":[{"count":4,"href":"https:\/\/www.sudoestehoje.com.br\/novoportal\/wp-json\/wp\/v2\/posts\/15077\/revisions"}],"predecessor-version":[{"id":15080,"href":"https:\/\/www.sudoestehoje.com.br\/novoportal\/wp-json\/wp\/v2\/posts\/15077\/revisions\/15080"}],"wp:attachment":[{"href":"https:\/\/www.sudoestehoje.com.br\/novoportal\/wp-json\/wp\/v2\/media?parent=15077"}],"wp:term":[{"taxonomy":"category","embeddable":true,"href":"https:\/\/www.sudoestehoje.com.br\/novoportal\/wp-json\/wp\/v2\/categories?post=15077"},{"taxonomy":"post_tag","embeddable":true,"href":"https:\/\/www.sudoestehoje.com.br\/novoportal\/wp-json\/wp\/v2\/tags?post=15077"}],"curies":[{"name":"wp","href":"https:\/\/api.w.org\/{rel}","templated":true}]}}