
{"id":15058,"date":"2012-04-25T08:12:53","date_gmt":"2012-04-25T11:12:53","guid":{"rendered":"http:\/\/www.sudoestehoje.com.br\/novoportal\/?p=15058"},"modified":"2012-04-27T08:48:55","modified_gmt":"2012-04-27T11:48:55","slug":"reajuste-dos-professores-e-aprovado-sob-protestos","status":"publish","type":"post","link":"https:\/\/www.sudoestehoje.com.br\/novoportal\/2012\/04\/25\/reajuste-dos-professores-e-aprovado-sob-protestos\/","title":{"rendered":"REAJUSTE DOS PROFESSORES \u00c9 APROVADO SOB PROTESTOS"},"content":{"rendered":"<p><img decoding=\"async\" class=\"aligncenter\" src=\"http:\/\/www.atarde.com.br\/arquivos\/2012\/04\/259961.jpg\" alt=\"Professores fizeram vig\u00edlia na Assembleia nesta ter\u00e7a\" width=\"400\" \/><\/p>\n<p style=\"text-align: center;\"><em>Professores fizeram vig\u00edlia na Assembleia nesta ter\u00e7a, mas sa\u00edram decepcionados<\/em><\/p>\n<p>&nbsp;<\/p>\n<p><em><strong>A Tarde<\/strong><\/em><\/p>\n<p>&nbsp;<\/p>\n<p>Mesmo sob protestos, apita\u00e7os e gritos de guerra, a base governista da Assembleia Legislativa aprovou, por 35 a 19 votos, com duas absten\u00e7\u00f5es, no in\u00edcio da madrugada desta quarta, 25, os dois projetos de lei, n\u00ba 19.778 e n\u00ba 19.779, que tratam do subs\u00eddio dos 5.210 docentes n\u00e3o licenciados e do reajuste de 3% e 4%, escalonados em 2012 e 2013, aos professores da rede p\u00fablica do Estado, respectivamente. A diretora da APLB &#8211; Sindicato, Marilene Betros, afirmou para a reportagem que a greve continua \u2013 apesar de ser considerada ilegal pela Justi\u00e7a.<\/p>\n<p>A categoria, que mant\u00e9m acampamento montado no sal\u00e3o da Assembleia, se re\u00fane nesta quarta em local e hor\u00e1rio a definir, para discutir os pr\u00f3ximos passos do movimento antes da san\u00e7\u00e3o das leis pelo governador Jaques Wagner.<\/p>\n<p>Dos deputados da base governista, a bancada do PCdoB \u2013 \u00c1lvaro Gomes, Fabr\u00edcio e Kelly Magalh\u00e3es \u2013 se abstiveram do voto. O PCdoB comanda a APLB-Sindicato, al\u00e9m de ter como pr\u00e9-candidata \u00e0 Prefeitura de Salvador, Alice Portugal, que apoia publicamente a luta dos professores, segundo material da deputada federal que circulava nos corredores da Casa.<!--more--><\/p>\n<p>Al\u00e9m de Capit\u00e3o Tadeu (PSB), que j\u00e1 havia anunciado seu voto em favor dos professores h\u00e1 semanas, a surpresa veio da deputada petista Luiza Maia, que votou contra o projeto, causando descontentamento n\u00e3o s\u00f3 no l\u00edder da maioria, Z\u00e9 Neto (PT), como em outros deputados do PT. \u201cQuer dizer que s\u00f3 ela sai de boazinha e ganha voto dos professores?\u201d, comentou um deles, que preferiu n\u00e3o ser identificado.<\/p>\n<p><strong>Reajuste &#8211;<\/strong>\u00a0Os professores pleiteiam cumprimento de acordo celebrado com o governo em 11\/11\/2011 no qual fica estabelecido que \u201co reajuste salarial do magist\u00e9rio da rede estadual do ensino fundamental e m\u00e9dio ser\u00e1 o mesmo do piso salarial profissional nacional, nos anos de 2012 2013 e 2014\u201d. De acordo com revela\u00e7\u00e3o do presidente da Assembleia, Marcelo Nilo (PDT), semana passada, Wagner n\u00e3o sabia do acordo.<\/p>\n<p>O reajuste do piso nacional\u00a0 foi de 22,22%, definido em Bras\u00edlia, em data ap\u00f3s o acordo citado. O governo alega que n\u00e3o tem dinheiro para bancar o reajuste na \u00edntegra em 2012.<br \/>\nAt\u00e9 o ano passado, o reajuste era baseado no IPCA (\u00cdndice de Pre\u00e7o ao Consumidor), que ficou em 6,5%. Mas no dia 15\/12\/2011, a senadora F\u00e1tima Bezerra (PT-RN) apresentou projeto, aprovado pelo Senado, estabelecendo que o \u00edndice de reajuste do piso da categoria seria o mesmo do aplicado para reajuste per capita\/ aluno do Fundeb. Esse, 2011 para 2012 foi de 22,22%.<\/p>\n<p>\u201cEstamos pagando por algo que n\u00e3o criamos. Os senadores aprovam, mas o governo federal n\u00e3o manda o dinheiro. N\u00e3o \u00e9 poss\u00edvel pagar os professores\u201d, disse o l\u00edder governista Z\u00e9 Neto (PT), enfatizando que, com os projetos aprovados ontem, a Bahia passa a ser um dos nove Estados da Federa\u00e7\u00e3o a cumprir o piso nacional. O impacto dos 22% seria de R$ 412 milh\u00f5es na folha que, se implementados, chegariam a 51% da Receita Corrente L\u00edquida de gastos com pessoal, ultrapassando o limite permitido na Lei l, que \u00e9 de 48%.<\/p>\n<p>&nbsp;<\/p>\n","protected":false},"excerpt":{"rendered":"<p>Professores fizeram vig\u00edlia na Assembleia nesta ter\u00e7a, mas sa\u00edram decepcionados &nbsp; A Tarde &nbsp; Mesmo sob protestos, apita\u00e7os e gritos de guerra, a base governista da Assembleia Legislativa aprovou, por 35 a 19 votos, com duas absten\u00e7\u00f5es, no in\u00edcio da madrugada desta quarta, 25, os dois projetos de lei, n\u00ba 19.778 e n\u00ba 19.779, que [&hellip;]<\/p>\n","protected":false},"author":2,"featured_media":0,"comment_status":"open","ping_status":"open","sticky":false,"template":"","format":"standard","meta":{"footnotes":"","_links_to":"","_links_to_target":""},"categories":[1],"tags":[29,30],"class_list":["post-15058","post","type-post","status-publish","format-standard","hentry","category-geral","tag-professor","tag-protesto"],"views":1635,"_links":{"self":[{"href":"https:\/\/www.sudoestehoje.com.br\/novoportal\/wp-json\/wp\/v2\/posts\/15058","targetHints":{"allow":["GET"]}}],"collection":[{"href":"https:\/\/www.sudoestehoje.com.br\/novoportal\/wp-json\/wp\/v2\/posts"}],"about":[{"href":"https:\/\/www.sudoestehoje.com.br\/novoportal\/wp-json\/wp\/v2\/types\/post"}],"author":[{"embeddable":true,"href":"https:\/\/www.sudoestehoje.com.br\/novoportal\/wp-json\/wp\/v2\/users\/2"}],"replies":[{"embeddable":true,"href":"https:\/\/www.sudoestehoje.com.br\/novoportal\/wp-json\/wp\/v2\/comments?post=15058"}],"version-history":[{"count":3,"href":"https:\/\/www.sudoestehoje.com.br\/novoportal\/wp-json\/wp\/v2\/posts\/15058\/revisions"}],"predecessor-version":[{"id":15123,"href":"https:\/\/www.sudoestehoje.com.br\/novoportal\/wp-json\/wp\/v2\/posts\/15058\/revisions\/15123"}],"wp:attachment":[{"href":"https:\/\/www.sudoestehoje.com.br\/novoportal\/wp-json\/wp\/v2\/media?parent=15058"}],"wp:term":[{"taxonomy":"category","embeddable":true,"href":"https:\/\/www.sudoestehoje.com.br\/novoportal\/wp-json\/wp\/v2\/categories?post=15058"},{"taxonomy":"post_tag","embeddable":true,"href":"https:\/\/www.sudoestehoje.com.br\/novoportal\/wp-json\/wp\/v2\/tags?post=15058"}],"curies":[{"name":"wp","href":"https:\/\/api.w.org\/{rel}","templated":true}]}}