
{"id":15050,"date":"2012-04-24T21:51:20","date_gmt":"2012-04-25T00:51:20","guid":{"rendered":"http:\/\/www.sudoestehoje.com.br\/novoportal\/?p=15050"},"modified":"2012-04-27T08:54:39","modified_gmt":"2012-04-27T11:54:39","slug":"absurdo-governo-vai-cortar-salarios-dos-professores-grevistas","status":"publish","type":"post","link":"https:\/\/www.sudoestehoje.com.br\/novoportal\/2012\/04\/24\/absurdo-governo-vai-cortar-salarios-dos-professores-grevistas\/","title":{"rendered":"ABSURDO! GOVERNO VAI CORTAR MESMO OS SAL\u00c1RIOS DOS PROFESSORES GREVISTAS"},"content":{"rendered":"<p>Como de costume, tentei acessar o meu contra-cheque no site oficial<em> Portal do Servidor da Bahia<\/em>, mas tive uma surpresa desagrad\u00e1vel ao ler a mensagem que colocaram no lugar dos contra-cheques dos professores. Pelo visto, o governador Wagner n\u00e3o brincou quando disse que iria cortar o ponto dos professores grevistas. Cortou mesmo&#8230;<\/p>\n<p>VEJAM A MENSAGEM:<\/p>\n<p><img decoding=\"async\" class=\"aligncenter\" src=\"http:\/\/www.portaldoservidor.ba.gov.br\/sites\/all\/themes\/prodeb\/images\/logo_site.png\" alt=\"In\u00edcio\" \/><\/p>\n<p><em>&#8220;Em raz\u00e3o da necessidade de apura\u00e7\u00e3o do funcionamento das escolas da rede estadual, a libera\u00e7\u00e3o da consulta ao contracheque e o pagamento do primeiro lote da folha dos profissionais da Educa\u00e7\u00e3o s\u00f3 ir\u00e3o ocorrer nesta sexta-feira, 27 de abril, a partir das 19h. O segundo lote ser\u00e1 pago normalmente na segunda, 30. A suspens\u00e3o de pagamento est\u00e1 sendo aplicada aos profissionais das escolas em que as Diretorias Regionais de Educa\u00e7\u00e3o comprovaram paralisa\u00e7\u00e3o total das atividades.&#8221;<\/em><\/p>\n<p><strong><em>Davi Ferraz\u00a0<\/em><\/strong><\/p>\n","protected":false},"excerpt":{"rendered":"<p>Como de costume, tentei acessar o meu contra-cheque no site oficial Portal do Servidor da Bahia, mas tive uma surpresa desagrad\u00e1vel ao ler a mensagem que colocaram no lugar dos contra-cheques dos professores. Pelo visto, o governador Wagner n\u00e3o brincou quando disse que iria cortar o ponto dos professores grevistas. Cortou mesmo&#8230; VEJAM A MENSAGEM: [&hellip;]<\/p>\n","protected":false},"author":2,"featured_media":0,"comment_status":"open","ping_status":"open","sticky":false,"template":"","format":"standard","meta":{"footnotes":"","_links_to":"","_links_to_target":""},"categories":[1],"tags":[51,52,29,50],"class_list":["post-15050","post","type-post","status-publish","format-standard","hentry","category-geral","tag-corte","tag-governo","tag-professor","tag-salario"],"views":2015,"_links":{"self":[{"href":"https:\/\/www.sudoestehoje.com.br\/novoportal\/wp-json\/wp\/v2\/posts\/15050","targetHints":{"allow":["GET"]}}],"collection":[{"href":"https:\/\/www.sudoestehoje.com.br\/novoportal\/wp-json\/wp\/v2\/posts"}],"about":[{"href":"https:\/\/www.sudoestehoje.com.br\/novoportal\/wp-json\/wp\/v2\/types\/post"}],"author":[{"embeddable":true,"href":"https:\/\/www.sudoestehoje.com.br\/novoportal\/wp-json\/wp\/v2\/users\/2"}],"replies":[{"embeddable":true,"href":"https:\/\/www.sudoestehoje.com.br\/novoportal\/wp-json\/wp\/v2\/comments?post=15050"}],"version-history":[{"count":8,"href":"https:\/\/www.sudoestehoje.com.br\/novoportal\/wp-json\/wp\/v2\/posts\/15050\/revisions"}],"predecessor-version":[{"id":15135,"href":"https:\/\/www.sudoestehoje.com.br\/novoportal\/wp-json\/wp\/v2\/posts\/15050\/revisions\/15135"}],"wp:attachment":[{"href":"https:\/\/www.sudoestehoje.com.br\/novoportal\/wp-json\/wp\/v2\/media?parent=15050"}],"wp:term":[{"taxonomy":"category","embeddable":true,"href":"https:\/\/www.sudoestehoje.com.br\/novoportal\/wp-json\/wp\/v2\/categories?post=15050"},{"taxonomy":"post_tag","embeddable":true,"href":"https:\/\/www.sudoestehoje.com.br\/novoportal\/wp-json\/wp\/v2\/tags?post=15050"}],"curies":[{"name":"wp","href":"https:\/\/api.w.org\/{rel}","templated":true}]}}