
{"id":15020,"date":"2012-04-24T08:40:24","date_gmt":"2012-04-24T11:40:24","guid":{"rendered":"http:\/\/www.sudoestehoje.com.br\/novoportal\/?p=15020"},"modified":"2012-04-27T08:49:50","modified_gmt":"2012-04-27T11:49:50","slug":"medicos-e-dentistas-suspendem-atendimentos-aos-planos-de-saude","status":"publish","type":"post","link":"https:\/\/www.sudoestehoje.com.br\/novoportal\/2012\/04\/24\/medicos-e-dentistas-suspendem-atendimentos-aos-planos-de-saude\/","title":{"rendered":"M\u00c9DICOS E DENTISTAS PARALISAM PLANOS DE SA\u00daDE NESTA QUARTA"},"content":{"rendered":"<p><img decoding=\"async\" class=\"aligncenter\" src=\"http:\/\/veja.abril.com.br\/assets\/images\/2011\/6\/39747\/medico-saude-20110610-02-size-598.jpg?1312501599\" alt=\"\" width=\"400\" \/><\/p>\n<p style=\"text-align: center;\"><em>Paralisa\u00e7\u00e3o ser\u00e1 por 24h, nesta quarta-feita<\/em><\/p>\n<p>&nbsp;<\/p>\n<p>Cerca de nove mil m\u00e9dicos e dentistas v\u00e3o paralisar, nesta quarta, 25, o atendimento que \u00e9 conveniado a planos de sa\u00fade. Ser\u00e3o interrompidos todos os procedimentos e consultas. Somente haver\u00e1 atendimento em caso de emerg\u00eancia e urg\u00eancia. A Bahia conta, hoje, com pouco mais de 1,4 milh\u00e3o de benefici\u00e1rios dos planos de sa\u00fade. A paralisa\u00e7\u00e3o ser\u00e1 por 24 horas.<\/p>\n<p>A mobiliza\u00e7\u00e3o \u00e9 nacional. As duas categorias reivindicam o reajuste do valor das consultas repassadas pelos planos de sa\u00fade. Em carta aberta, o Sindicato dos M\u00e9dicos do Estado da Bahia (Sindimed), a Associa\u00e7\u00e3o Baiana de Medicina (ABM) e\u00a0 o Conselho Regional de Medicina do Estado da Bahia (Cremeb) afirmam que a paralisa\u00e7\u00e3o \u00e9 um ato de advert\u00eancia. O Conselho Regional de Odontologia da Bahia (Croba) tamb\u00e9m orientou, por meio do seu site, que os profissionais de odontologia\u00a0 participem da manifesta\u00e7\u00e3o.<\/p>\n<p><strong><em>A Tarde<\/em><\/strong><\/p>\n","protected":false},"excerpt":{"rendered":"<p>Paralisa\u00e7\u00e3o ser\u00e1 por 24h, nesta quarta-feita &nbsp; Cerca de nove mil m\u00e9dicos e dentistas v\u00e3o paralisar, nesta quarta, 25, o atendimento que \u00e9 conveniado a planos de sa\u00fade. Ser\u00e3o interrompidos todos os procedimentos e consultas. Somente haver\u00e1 atendimento em caso de emerg\u00eancia e urg\u00eancia. A Bahia conta, hoje, com pouco mais de 1,4 milh\u00e3o de [&hellip;]<\/p>\n","protected":false},"author":2,"featured_media":0,"comment_status":"open","ping_status":"open","sticky":false,"template":"","format":"standard","meta":{"footnotes":"","_links_to":"","_links_to_target":""},"categories":[1],"tags":[33,35,34],"class_list":["post-15020","post","type-post","status-publish","format-standard","hentry","category-geral","tag-medicos","tag-paralisacao","tag-plano-de-saude"],"views":3492,"_links":{"self":[{"href":"https:\/\/www.sudoestehoje.com.br\/novoportal\/wp-json\/wp\/v2\/posts\/15020","targetHints":{"allow":["GET"]}}],"collection":[{"href":"https:\/\/www.sudoestehoje.com.br\/novoportal\/wp-json\/wp\/v2\/posts"}],"about":[{"href":"https:\/\/www.sudoestehoje.com.br\/novoportal\/wp-json\/wp\/v2\/types\/post"}],"author":[{"embeddable":true,"href":"https:\/\/www.sudoestehoje.com.br\/novoportal\/wp-json\/wp\/v2\/users\/2"}],"replies":[{"embeddable":true,"href":"https:\/\/www.sudoestehoje.com.br\/novoportal\/wp-json\/wp\/v2\/comments?post=15020"}],"version-history":[{"count":6,"href":"https:\/\/www.sudoestehoje.com.br\/novoportal\/wp-json\/wp\/v2\/posts\/15020\/revisions"}],"predecessor-version":[{"id":15126,"href":"https:\/\/www.sudoestehoje.com.br\/novoportal\/wp-json\/wp\/v2\/posts\/15020\/revisions\/15126"}],"wp:attachment":[{"href":"https:\/\/www.sudoestehoje.com.br\/novoportal\/wp-json\/wp\/v2\/media?parent=15020"}],"wp:term":[{"taxonomy":"category","embeddable":true,"href":"https:\/\/www.sudoestehoje.com.br\/novoportal\/wp-json\/wp\/v2\/categories?post=15020"},{"taxonomy":"post_tag","embeddable":true,"href":"https:\/\/www.sudoestehoje.com.br\/novoportal\/wp-json\/wp\/v2\/tags?post=15020"}],"curies":[{"name":"wp","href":"https:\/\/api.w.org\/{rel}","templated":true}]}}