
{"id":14989,"date":"2012-04-23T09:59:38","date_gmt":"2012-04-23T12:59:38","guid":{"rendered":"http:\/\/www.sudoestehoje.com.br\/novoportal\/?p=14989"},"modified":"2012-04-23T09:59:38","modified_gmt":"2012-04-23T12:59:38","slug":"morre-ator-que-sofreu-enforcamento-acidental","status":"publish","type":"post","link":"https:\/\/www.sudoestehoje.com.br\/novoportal\/2012\/04\/23\/morre-ator-que-sofreu-enforcamento-acidental\/","title":{"rendered":"MORRE ATOR QUE SOFREU ENFORCAMENTO ACIDENTAL"},"content":{"rendered":"<p><img decoding=\"async\" class=\"aligncenter\" src=\"http:\/\/www.informeipiau.com.br\/wp-content\/uploads\/ator-enforcado.jpg\" alt=\"\" width=\"400\" \/><\/p>\n<p>&nbsp;<\/p>\n<p>Morreu neste domingo (22) o ator Tiago Klimeck, de 27 anos, que sofreu\u00a0<strong><a href=\"http:\/\/www.bahianoticias.com.br\/principal\/noticia\/114146-ator-se-enforca-acidentalmente-durante-encenacao-da-paixao-de-cristo-em-sp.html\" target=\"_blank\">um enforcamento acidental<\/a><\/strong>\u00a0quando participava de uma pe\u00e7a teatral na Sexta-Feira Santa, 6 de abril. Ele interpretava Judas e o acidente aconteceu em uma cena na qual o ator deveria subir em uma pedra do cen\u00e1rio com uma corda colocada em volta do pesco\u00e7o para, em seguida, simular o enforcamento. Tiago ficou quatro minutos desacordado, at\u00e9 que percebessem a gravidade da situa\u00e7\u00e3o. Seu corpo foi encaminhado para o Instituto M\u00e9dico Legal de Itapeva (SP) para ser submetido ao exame de necropsia, que apontar\u00e1 as causas da morte. O vel\u00f3rio ocorrer\u00e1 em Itarar\u00e9 (SP), onde moram os parentes do jovem. Na \u00faltima quinta-feira (19), o paciente havia passado por um eletroencefalograma, que indicou atividade cerebral. Ele seria submetido a uma avalia\u00e7\u00e3o mais aprofundada nesta segunda (23), mas n\u00e3o houve tempo. Informa\u00e7\u00f5es do G1.<\/p>\n","protected":false},"excerpt":{"rendered":"<p>&nbsp; Morreu neste domingo (22) o ator Tiago Klimeck, de 27 anos, que sofreu\u00a0um enforcamento acidental\u00a0quando participava de uma pe\u00e7a teatral na Sexta-Feira Santa, 6 de abril. Ele interpretava Judas e o acidente aconteceu em uma cena na qual o ator deveria subir em uma pedra do cen\u00e1rio com uma corda colocada em volta do [&hellip;]<\/p>\n","protected":false},"author":2,"featured_media":0,"comment_status":"open","ping_status":"open","sticky":false,"template":"","format":"standard","meta":{"footnotes":"","_links_to":"","_links_to_target":""},"categories":[1],"tags":[],"class_list":["post-14989","post","type-post","status-publish","format-standard","hentry","category-geral"],"views":1299,"_links":{"self":[{"href":"https:\/\/www.sudoestehoje.com.br\/novoportal\/wp-json\/wp\/v2\/posts\/14989","targetHints":{"allow":["GET"]}}],"collection":[{"href":"https:\/\/www.sudoestehoje.com.br\/novoportal\/wp-json\/wp\/v2\/posts"}],"about":[{"href":"https:\/\/www.sudoestehoje.com.br\/novoportal\/wp-json\/wp\/v2\/types\/post"}],"author":[{"embeddable":true,"href":"https:\/\/www.sudoestehoje.com.br\/novoportal\/wp-json\/wp\/v2\/users\/2"}],"replies":[{"embeddable":true,"href":"https:\/\/www.sudoestehoje.com.br\/novoportal\/wp-json\/wp\/v2\/comments?post=14989"}],"version-history":[{"count":2,"href":"https:\/\/www.sudoestehoje.com.br\/novoportal\/wp-json\/wp\/v2\/posts\/14989\/revisions"}],"predecessor-version":[{"id":14991,"href":"https:\/\/www.sudoestehoje.com.br\/novoportal\/wp-json\/wp\/v2\/posts\/14989\/revisions\/14991"}],"wp:attachment":[{"href":"https:\/\/www.sudoestehoje.com.br\/novoportal\/wp-json\/wp\/v2\/media?parent=14989"}],"wp:term":[{"taxonomy":"category","embeddable":true,"href":"https:\/\/www.sudoestehoje.com.br\/novoportal\/wp-json\/wp\/v2\/categories?post=14989"},{"taxonomy":"post_tag","embeddable":true,"href":"https:\/\/www.sudoestehoje.com.br\/novoportal\/wp-json\/wp\/v2\/tags?post=14989"}],"curies":[{"name":"wp","href":"https:\/\/api.w.org\/{rel}","templated":true}]}}