
{"id":14986,"date":"2012-04-23T09:56:17","date_gmt":"2012-04-23T12:56:17","guid":{"rendered":"http:\/\/www.sudoestehoje.com.br\/novoportal\/?p=14986"},"modified":"2012-04-23T10:01:14","modified_gmt":"2012-04-23T13:01:14","slug":"filho-do-cantor-leonardo-sofre-parada-cardiaca","status":"publish","type":"post","link":"https:\/\/www.sudoestehoje.com.br\/novoportal\/2012\/04\/23\/filho-do-cantor-leonardo-sofre-parada-cardiaca\/","title":{"rendered":"FILHO DO CANTOR LEONARDO SOFRE PARADA CARD\u00cdACA"},"content":{"rendered":"<p style=\"text-align: center;\"><img decoding=\"async\" class=\"aligncenter\" src=\"http:\/\/lh4.ggpht.com\/-q5xGW1j_vBo\/T5JxzWtYrCI\/AAAAAAAAKLY\/FTUU_EWXZZo\/Acidente%252520Pedro%2525202.jpg\" alt=\"\" width=\"400\" \/><\/p>\n<p>&nbsp;<\/p>\n<p>O cantor Pedro, filho do sertanejo Leonardo, sofreu uma parada card\u00edaca durante a madrugada desta segunda-feira (23). Segundo informa\u00e7\u00f5es da assessoria, o cora\u00e7\u00e3o de Pedro parou por seis minutos, quando seu estado de sa\u00fade era considerado est\u00e1vel. A fam\u00edlia do jovem estuda a possibilidade de transferi-lo para um hospital em S\u00e3o Paulo. M\u00e9dicos do Instituto Ortop\u00e9dico de Goi\u00e2nia se reuniram com jornalistas na tarde deste domingo (22) para explicar a situa\u00e7\u00e3o do cantor, que est\u00e1 em coma induzido. \u201cHouve uma piora, sim, no quadro cl\u00ednico dele, mas j\u00e1 esper\u00e1vamos isso por causa da gravidade e por ele ainda estar nas 72 horas consideradas cr\u00edticas. Ent\u00e3o, todo paciente com estas caracter\u00edsticas corre risco de morte\u201d, afirmou o m\u00e9dico Newton Trist\u00e3o, diretor do hospital. Segundo os m\u00e9dicos, os exames realizados\u00a0<strong><a href=\"http:\/\/www.bahianoticias.com.br\/principal\/noticia\/114876-filho-do-cantor-leonardo-esta-com-pneumonia-e-permanece-em-estado-grave.html\" target=\"_blank\">ap\u00f3s o acidente<\/a><\/strong>\u00a0apontam que o edema cerebral piorou e o quadro \u00e9 de instabilidade. Al\u00e9m disso, Pedro apresenta trauma ortop\u00e9dico, pulmonar, abdominal e do cr\u00e2nio. N\u00e3o h\u00e1 previs\u00e3o para que ele saia do coma induzido. Informa\u00e7\u00f5es do G1.<\/p>\n","protected":false},"excerpt":{"rendered":"<p>&nbsp; O cantor Pedro, filho do sertanejo Leonardo, sofreu uma parada card\u00edaca durante a madrugada desta segunda-feira (23). Segundo informa\u00e7\u00f5es da assessoria, o cora\u00e7\u00e3o de Pedro parou por seis minutos, quando seu estado de sa\u00fade era considerado est\u00e1vel. A fam\u00edlia do jovem estuda a possibilidade de transferi-lo para um hospital em S\u00e3o Paulo. M\u00e9dicos do [&hellip;]<\/p>\n","protected":false},"author":2,"featured_media":0,"comment_status":"open","ping_status":"open","sticky":false,"template":"","format":"standard","meta":{"footnotes":"","_links_to":"","_links_to_target":""},"categories":[1],"tags":[],"class_list":["post-14986","post","type-post","status-publish","format-standard","hentry","category-geral"],"views":3053,"_links":{"self":[{"href":"https:\/\/www.sudoestehoje.com.br\/novoportal\/wp-json\/wp\/v2\/posts\/14986","targetHints":{"allow":["GET"]}}],"collection":[{"href":"https:\/\/www.sudoestehoje.com.br\/novoportal\/wp-json\/wp\/v2\/posts"}],"about":[{"href":"https:\/\/www.sudoestehoje.com.br\/novoportal\/wp-json\/wp\/v2\/types\/post"}],"author":[{"embeddable":true,"href":"https:\/\/www.sudoestehoje.com.br\/novoportal\/wp-json\/wp\/v2\/users\/2"}],"replies":[{"embeddable":true,"href":"https:\/\/www.sudoestehoje.com.br\/novoportal\/wp-json\/wp\/v2\/comments?post=14986"}],"version-history":[{"count":3,"href":"https:\/\/www.sudoestehoje.com.br\/novoportal\/wp-json\/wp\/v2\/posts\/14986\/revisions"}],"predecessor-version":[{"id":14992,"href":"https:\/\/www.sudoestehoje.com.br\/novoportal\/wp-json\/wp\/v2\/posts\/14986\/revisions\/14992"}],"wp:attachment":[{"href":"https:\/\/www.sudoestehoje.com.br\/novoportal\/wp-json\/wp\/v2\/media?parent=14986"}],"wp:term":[{"taxonomy":"category","embeddable":true,"href":"https:\/\/www.sudoestehoje.com.br\/novoportal\/wp-json\/wp\/v2\/categories?post=14986"},{"taxonomy":"post_tag","embeddable":true,"href":"https:\/\/www.sudoestehoje.com.br\/novoportal\/wp-json\/wp\/v2\/tags?post=14986"}],"curies":[{"name":"wp","href":"https:\/\/api.w.org\/{rel}","templated":true}]}}