
{"id":1497,"date":"2010-10-27T10:15:32","date_gmt":"2010-10-27T13:15:32","guid":{"rendered":"http:\/\/www.sudoestehoje.com.br\/novoportal\/?p=1497"},"modified":"2010-10-27T10:15:32","modified_gmt":"2010-10-27T13:15:32","slug":"comicio-marca-visita-de-dilma-a-vitoria-da-conquista","status":"publish","type":"post","link":"https:\/\/www.sudoestehoje.com.br\/novoportal\/2010\/10\/27\/comicio-marca-visita-de-dilma-a-vitoria-da-conquista\/","title":{"rendered":"Comicio marca visita de Dilma a Vit\u00f3ria da Conquista"},"content":{"rendered":"<p style=\"text-align: center;\"><a rel=\"lightbox[26557]\" href=\"http:\/\/www.blogdoanderson.com\/v2\/wp-content\/uploads\/2010\/10\/DSC00089-1.jpg\"><img loading=\"lazy\" decoding=\"async\" class=\"aligncenter\" title=\"DSC00089-1\" src=\"http:\/\/www.blogdoanderson.com\/v2\/wp-content\/uploads\/2010\/10\/DSC00089-1.jpg\" alt=\"\" width=\"420\" height=\"315\" \/><\/a><\/p>\n<p>\u00a0<\/p>\n<p>Pouco mais de cinco mil pessoas estiveram na Pra\u00e7a Bar\u00e3o do Rio Branco, em Vit\u00f3ria da Conquista, para ouvir as propostas da candidata \u00e0 Presid\u00eancia da Rep\u00fablica, Dilma Rousseff nesta ter\u00e7a-feira (26). Com um atraso de mais de duas horas, a petista chegou ao local por volta das 20h30. Ela esteve acompanhada do governador do estado reeleito, Jaques Wagner, os senadores Walter Pinheiro e L\u00eddice da Mata, \u00a0al\u00e9m de in\u00fameros prefeitos, deputados, vereadores, dentre tantas outras lideran\u00e7as.<\/p>\n<p style=\"text-align: center;\">\n<div>\n<div><a title=\"Autor\" href=\"http:\/\/www.blogdoanderson.com\/v2\/#\"><\/a><\/div>\n<\/div>\n<p><a rel=\"lightbox[26572]\" href=\"http:\/\/www.blogdoanderson.com\/v2\/wp-content\/uploads\/2010\/10\/DSC_0180.jpg\"><img loading=\"lazy\" decoding=\"async\" class=\"aligncenter\" title=\"DSC_0180\" src=\"http:\/\/www.blogdoanderson.com\/v2\/wp-content\/uploads\/2010\/10\/DSC_0180.jpg\" alt=\"\" width=\"420\" height=\"281\" \/><\/a><\/p>\n<p>Durante o seu discurso, a candidata mostrou simpatia e disse estar emocionada. Al\u00e9m disso, fez promessas, garantindo gera\u00e7\u00e3o de emprego e sempre procurar \u201ccolocar as pessoas no centro de tudo\u201d na sua gest\u00e3o, caso seja eleita. \u201cVou dar continuidade ao governo do presidente Lula, que vem dando certo e agradado grande parte da popula\u00e7\u00e3o do pa\u00eds\u201d, disse Dilma fazendo compara\u00e7\u00f5es com a gest\u00e3o do tucano Fernando Henrique Cardoso. \u201cVou mostrar que mulher sabe governar\u201d.<\/p>\n<p>Por Rodrigo Ferraz (Blog da Resenha Geral)<\/p>\n<p>Fotos: Blog do Anderson<\/p>\n","protected":false},"excerpt":{"rendered":"<p>\u00a0 Pouco mais de cinco mil pessoas estiveram na Pra\u00e7a Bar\u00e3o do Rio Branco, em Vit\u00f3ria da Conquista, para ouvir as propostas da candidata \u00e0 Presid\u00eancia da Rep\u00fablica, Dilma Rousseff nesta ter\u00e7a-feira (26). Com um atraso de mais de duas horas, a petista chegou ao local por volta das 20h30. Ela esteve acompanhada do governador [&hellip;]<\/p>\n","protected":false},"author":2,"featured_media":0,"comment_status":"open","ping_status":"open","sticky":false,"template":"","format":"standard","meta":{"footnotes":"","_links_to":"","_links_to_target":""},"categories":[1],"tags":[],"class_list":["post-1497","post","type-post","status-publish","format-standard","hentry","category-geral"],"views":1270,"_links":{"self":[{"href":"https:\/\/www.sudoestehoje.com.br\/novoportal\/wp-json\/wp\/v2\/posts\/1497","targetHints":{"allow":["GET"]}}],"collection":[{"href":"https:\/\/www.sudoestehoje.com.br\/novoportal\/wp-json\/wp\/v2\/posts"}],"about":[{"href":"https:\/\/www.sudoestehoje.com.br\/novoportal\/wp-json\/wp\/v2\/types\/post"}],"author":[{"embeddable":true,"href":"https:\/\/www.sudoestehoje.com.br\/novoportal\/wp-json\/wp\/v2\/users\/2"}],"replies":[{"embeddable":true,"href":"https:\/\/www.sudoestehoje.com.br\/novoportal\/wp-json\/wp\/v2\/comments?post=1497"}],"version-history":[{"count":3,"href":"https:\/\/www.sudoestehoje.com.br\/novoportal\/wp-json\/wp\/v2\/posts\/1497\/revisions"}],"predecessor-version":[{"id":1500,"href":"https:\/\/www.sudoestehoje.com.br\/novoportal\/wp-json\/wp\/v2\/posts\/1497\/revisions\/1500"}],"wp:attachment":[{"href":"https:\/\/www.sudoestehoje.com.br\/novoportal\/wp-json\/wp\/v2\/media?parent=1497"}],"wp:term":[{"taxonomy":"category","embeddable":true,"href":"https:\/\/www.sudoestehoje.com.br\/novoportal\/wp-json\/wp\/v2\/categories?post=1497"},{"taxonomy":"post_tag","embeddable":true,"href":"https:\/\/www.sudoestehoje.com.br\/novoportal\/wp-json\/wp\/v2\/tags?post=1497"}],"curies":[{"name":"wp","href":"https:\/\/api.w.org\/{rel}","templated":true}]}}