
{"id":14961,"date":"2012-04-23T23:11:36","date_gmt":"2012-04-24T02:11:36","guid":{"rendered":"http:\/\/www.sudoestehoje.com.br\/novoportal\/?p=14961"},"modified":"2012-04-27T08:50:13","modified_gmt":"2012-04-27T11:50:13","slug":"macarani-sistema-de-abastecimento-de-agua-sera-ampliado","status":"publish","type":"post","link":"https:\/\/www.sudoestehoje.com.br\/novoportal\/2012\/04\/23\/macarani-sistema-de-abastecimento-de-agua-sera-ampliado\/","title":{"rendered":"MACARANI: AMPLIA\u00c7\u00c3O DO SISTEMA DE ABASTECIMENTO DE \u00c1GUA"},"content":{"rendered":"<p><img decoding=\"async\" class=\"aligncenter\" src=\"http:\/\/www.ferias.tur.br\/imgs\/798\/macarani\/g_02g.JPG\" alt=\"cidade de Macarani\" \/><\/p>\n<p>&nbsp;<\/p>\n<p>Projetando a Macarani do futuro, a prefeitura municipal teve aprovado pelo Minist\u00e9rio da Sa\u00fade, atrav\u00e9s da Funda\u00e7\u00e3o Nacional de Sa\u00fade, projeto para amplia\u00e7\u00e3o do sistema de abastecimento de \u00e1gua da cidade, que garantir\u00e1 o abastecimento da popula\u00e7\u00e3o pelos pr\u00f3ximos 50 anos.<\/p>\n<p>O conv\u00eanio de n\u00ba 671772 estabelece a constru\u00e7\u00e3o de dois reservat\u00f3rios de 500 mil litros de \u00e1gua cada, perfazendo um milh\u00e3o de litros, que ser\u00e3o constru\u00eddos no morro do cruzeiro, que fica localizado nas proximidades do Bairro Sobral Bentes.<\/p>\n<p>Os novos reservat\u00f3rios ser\u00e3o constru\u00eddos com funda\u00e7\u00e3o de concreto de alta resist\u00eancia na forma cil\u00edndrica, estrutura toda em a\u00e7o, com pintura interna e externa efetuada em material especial para garantir a impermeabilidade. Na atualidade, a \u00e1gua \u00e9 considerada um bem muito valioso, e \u00e1gua pot\u00e1vel ent\u00e3o, um grande desafio urbano. A cidade de Macarani cresce a cada dia e o atual sistema de abastecimento, certamente, estar\u00e1 defasado em poucos anos, da\u00ed a iniciativa da prefeitura em antecipar o futuro e garantir o l\u00edquido precioso que ser\u00e1 consumido pelas gera\u00e7\u00f5es vindouras.<!--more--><\/p>\n<p>A empresa que construir\u00e1 a obra ser\u00e1 escolhida atrav\u00e9s de licita\u00e7\u00e3o e ter\u00e1 prazo fixado em edital para inicio e t\u00e9rmino do trabalho. Os novos reservat\u00f3rios ter\u00e3o prioridade vital para a comunidade, pois acabar\u00e1 com os chamados \u201crod\u00edzios\u201d que o SAAE \u00e9 obrigado a fazer atualmente para garantir o abastecimento \u00e0 popula\u00e7\u00e3o, uma vez que o sistema atual estar defasado e j\u00e1 n\u00e3o atende 100% da cidade.<\/p>\n<p>Este foi um projeto f\u00e1cil de conseguir, segundo assinalou Lucas Rios, respons\u00e1vel direto pelo levantamento de documenta\u00e7\u00e3o exigido pela FUNASA para liber\u00e1-lo. A prefeitura teve que obedecer a in\u00fameros crit\u00e9rios preconizados n\u00e3o apenas pela Funda\u00e7\u00e3o Nacional de Sa\u00fade, mas tamb\u00e9m ao Instituto Nacional de Meio Ambiente e Recursos H\u00eddricos \u2013 INEMA, que controla o uso racional e integrado dos recursos h\u00eddricos, com vistas ao desenvolvimento sustent\u00e1vel e, por \u00faltimo, a preserva\u00e7\u00e3o e a defesa contra eventos hidrol\u00f3gicos cr\u00edticos, quer sejam de origem natural, quer decorrentes do uso inadequado, n\u00e3o s\u00f3 das \u00e1guas, mas tamb\u00e9m dos demais recursos naturais.<\/p>\n<p>\u201cPela sua complexidade, a prefeitura contratou uma empresa especializada para cuidar da elabora\u00e7\u00e3o do projeto, entretanto, tivemos que acompanhar pessoalmente o seu tr\u00e2mite e recompor alguns documentos \u00e0 medida que estes eram exigidos\u201d, assinalou o projetista Lucas Rios, que se empenhou de forma plaus\u00edvel pela libera\u00e7\u00e3o do conv\u00eanio, tendo que viajar v\u00e1rias vezes \u00e0 Superintend\u00eancia da FUNASA, em Salvador, para cobrar celeridade na aprova\u00e7\u00e3o do projeto.<\/p>\n<p>Pela posi\u00e7\u00e3o topogr\u00e1fica do local onde os reservat\u00f3rios ser\u00e3o constru\u00eddos, a \u00e1gua chegar\u00e1 aos mesmos por bombeamento, ap\u00f3s passar pela central de tratamento qu\u00edmico do SAAE. A distribui\u00e7\u00e3o ser\u00e1 por gravidade, de forma segura e eficiente de forma a garantir o abastecimento, sem interrup\u00e7\u00e3o, 24 horas por dia, para todos os usu\u00e1rios da cidade.<\/p>\n<p>O prefeito Carlinhos comemorou mais esta conquista do seu governo. \u201cIsso \u00e9 qualidade de vida e motivo de sobra para comemorar e agradecer a todos que nos ajudaram em mais esta conquista, pois nunca na recente hist\u00f3ria do nosso munic\u00edpio, Macarani recebeu tantos investimentos e aten\u00e7\u00e3o por parte da administra\u00e7\u00e3o p\u00fablica municipal, como em nosso governo\u201d. Enfatizou o prefeito.<\/p>\n<p>ASCOM JOTA SANTOS<\/p>\n","protected":false},"excerpt":{"rendered":"<p>&nbsp; Projetando a Macarani do futuro, a prefeitura municipal teve aprovado pelo Minist\u00e9rio da Sa\u00fade, atrav\u00e9s da Funda\u00e7\u00e3o Nacional de Sa\u00fade, projeto para amplia\u00e7\u00e3o do sistema de abastecimento de \u00e1gua da cidade, que garantir\u00e1 o abastecimento da popula\u00e7\u00e3o pelos pr\u00f3ximos 50 anos. O conv\u00eanio de n\u00ba 671772 estabelece a constru\u00e7\u00e3o de dois reservat\u00f3rios de 500 [&hellip;]<\/p>\n","protected":false},"author":2,"featured_media":0,"comment_status":"open","ping_status":"open","sticky":false,"template":"","format":"standard","meta":{"footnotes":"","_links_to":"","_links_to_target":""},"categories":[1],"tags":[27,20],"class_list":["post-14961","post","type-post","status-publish","format-standard","hentry","category-geral","tag-agua","tag-macarani"],"views":2615,"_links":{"self":[{"href":"https:\/\/www.sudoestehoje.com.br\/novoportal\/wp-json\/wp\/v2\/posts\/14961","targetHints":{"allow":["GET"]}}],"collection":[{"href":"https:\/\/www.sudoestehoje.com.br\/novoportal\/wp-json\/wp\/v2\/posts"}],"about":[{"href":"https:\/\/www.sudoestehoje.com.br\/novoportal\/wp-json\/wp\/v2\/types\/post"}],"author":[{"embeddable":true,"href":"https:\/\/www.sudoestehoje.com.br\/novoportal\/wp-json\/wp\/v2\/users\/2"}],"replies":[{"embeddable":true,"href":"https:\/\/www.sudoestehoje.com.br\/novoportal\/wp-json\/wp\/v2\/comments?post=14961"}],"version-history":[{"count":8,"href":"https:\/\/www.sudoestehoje.com.br\/novoportal\/wp-json\/wp\/v2\/posts\/14961\/revisions"}],"predecessor-version":[{"id":15018,"href":"https:\/\/www.sudoestehoje.com.br\/novoportal\/wp-json\/wp\/v2\/posts\/14961\/revisions\/15018"}],"wp:attachment":[{"href":"https:\/\/www.sudoestehoje.com.br\/novoportal\/wp-json\/wp\/v2\/media?parent=14961"}],"wp:term":[{"taxonomy":"category","embeddable":true,"href":"https:\/\/www.sudoestehoje.com.br\/novoportal\/wp-json\/wp\/v2\/categories?post=14961"},{"taxonomy":"post_tag","embeddable":true,"href":"https:\/\/www.sudoestehoje.com.br\/novoportal\/wp-json\/wp\/v2\/tags?post=14961"}],"curies":[{"name":"wp","href":"https:\/\/api.w.org\/{rel}","templated":true}]}}