
{"id":14930,"date":"2012-04-21T20:43:46","date_gmt":"2012-04-21T23:43:46","guid":{"rendered":"http:\/\/www.sudoestehoje.com.br\/novoportal\/?p=14930"},"modified":"2012-04-21T20:43:46","modified_gmt":"2012-04-21T23:43:46","slug":"ibicui-marcos-galvao-recebe-apoio-de-vereadores","status":"publish","type":"post","link":"https:\/\/www.sudoestehoje.com.br\/novoportal\/2012\/04\/21\/ibicui-marcos-galvao-recebe-apoio-de-vereadores\/","title":{"rendered":"IBICU\u00cd: MARCOS GALV\u00c3O RECEBE APOIO DE VEREADORES"},"content":{"rendered":"<p style=\"text-align: center;\"><img decoding=\"async\" class=\"aligncenter\" src=\"http:\/\/www.politicosdosuldabahia.com.br\/v1\/wp-content\/uploads\/Ibicarai1.jpg\" alt=\"\" width=\"400\" \/><\/p>\n<p>&nbsp;<\/p>\n<p>Em Ibicu\u00ed o pr\u00e9-candidato a prefeito, Marcos Galv\u00e3o (PT), est\u00e1 conseguindo obter muitos apoios. Prova disto \u00e9 que os vereadores Serj\u00e3o (PT), Cleones(PTB) e Onildo (PMDB) j\u00e1 declararam apoio ao pr\u00e9-candidato.<\/p>\n<p>O nome de Marcos est\u00e1 tendo um crescimento expressivo nas pesquisas, por isto ele est\u00e1 se destacando nos meios pol\u00edticos. Ele \u00e9 considerado um dos favoritos para a elei\u00e7\u00e3o deste ano.<\/p>\n<p><em>Pol\u00edticos do Sul da Bahia<\/em><\/p>\n<p>&nbsp;<\/p>\n","protected":false},"excerpt":{"rendered":"<p>&nbsp; Em Ibicu\u00ed o pr\u00e9-candidato a prefeito, Marcos Galv\u00e3o (PT), est\u00e1 conseguindo obter muitos apoios. Prova disto \u00e9 que os vereadores Serj\u00e3o (PT), Cleones(PTB) e Onildo (PMDB) j\u00e1 declararam apoio ao pr\u00e9-candidato. O nome de Marcos est\u00e1 tendo um crescimento expressivo nas pesquisas, por isto ele est\u00e1 se destacando nos meios pol\u00edticos. Ele \u00e9 considerado [&hellip;]<\/p>\n","protected":false},"author":2,"featured_media":0,"comment_status":"open","ping_status":"open","sticky":false,"template":"","format":"standard","meta":{"footnotes":"","_links_to":"","_links_to_target":""},"categories":[1],"tags":[],"class_list":["post-14930","post","type-post","status-publish","format-standard","hentry","category-geral"],"views":1312,"_links":{"self":[{"href":"https:\/\/www.sudoestehoje.com.br\/novoportal\/wp-json\/wp\/v2\/posts\/14930","targetHints":{"allow":["GET"]}}],"collection":[{"href":"https:\/\/www.sudoestehoje.com.br\/novoportal\/wp-json\/wp\/v2\/posts"}],"about":[{"href":"https:\/\/www.sudoestehoje.com.br\/novoportal\/wp-json\/wp\/v2\/types\/post"}],"author":[{"embeddable":true,"href":"https:\/\/www.sudoestehoje.com.br\/novoportal\/wp-json\/wp\/v2\/users\/2"}],"replies":[{"embeddable":true,"href":"https:\/\/www.sudoestehoje.com.br\/novoportal\/wp-json\/wp\/v2\/comments?post=14930"}],"version-history":[{"count":2,"href":"https:\/\/www.sudoestehoje.com.br\/novoportal\/wp-json\/wp\/v2\/posts\/14930\/revisions"}],"predecessor-version":[{"id":14933,"href":"https:\/\/www.sudoestehoje.com.br\/novoportal\/wp-json\/wp\/v2\/posts\/14930\/revisions\/14933"}],"wp:attachment":[{"href":"https:\/\/www.sudoestehoje.com.br\/novoportal\/wp-json\/wp\/v2\/media?parent=14930"}],"wp:term":[{"taxonomy":"category","embeddable":true,"href":"https:\/\/www.sudoestehoje.com.br\/novoportal\/wp-json\/wp\/v2\/categories?post=14930"},{"taxonomy":"post_tag","embeddable":true,"href":"https:\/\/www.sudoestehoje.com.br\/novoportal\/wp-json\/wp\/v2\/tags?post=14930"}],"curies":[{"name":"wp","href":"https:\/\/api.w.org\/{rel}","templated":true}]}}