
{"id":14922,"date":"2012-04-21T19:54:29","date_gmt":"2012-04-21T22:54:29","guid":{"rendered":"http:\/\/www.sudoestehoje.com.br\/novoportal\/?p=14922"},"modified":"2012-04-21T19:54:29","modified_gmt":"2012-04-21T22:54:29","slug":"macarani-carlinhos-esta-pronto-para-disputar-a-reeleicao","status":"publish","type":"post","link":"https:\/\/www.sudoestehoje.com.br\/novoportal\/2012\/04\/21\/macarani-carlinhos-esta-pronto-para-disputar-a-reeleicao\/","title":{"rendered":"MACARANI: CARLINHOS EST\u00c1 PRONTO PARA DISPUTAR A REELEI\u00c7\u00c3O"},"content":{"rendered":"<div id=\"attachment_14923\" style=\"width: 510px\" class=\"wp-caption aligncenter\"><a href=\"http:\/\/www.sudoestehoje.com.br\/novoportal\/wp-content\/uploads\/2012\/04\/Prefeito-Carlinhos.jpg\"><img loading=\"lazy\" decoding=\"async\" aria-describedby=\"caption-attachment-14923\" class=\"size-medium wp-image-14923\" title=\"Prefeito Carlinhos\" src=\"http:\/\/www.sudoestehoje.com.br\/novoportal\/wp-content\/uploads\/2012\/04\/Prefeito-Carlinhos-500x382.jpg\" alt=\"\" width=\"500\" height=\"382\" srcset=\"https:\/\/www.sudoestehoje.com.br\/novoportal\/wp-content\/uploads\/2012\/04\/Prefeito-Carlinhos-500x382.jpg 500w, https:\/\/www.sudoestehoje.com.br\/novoportal\/wp-content\/uploads\/2012\/04\/Prefeito-Carlinhos.jpg 619w\" sizes=\"auto, (max-width: 500px) 100vw, 500px\" \/><\/a><p id=\"caption-attachment-14923\" class=\"wp-caption-text\">Prefeito Carlinhos ladeado por Arrmando Porto e Geddel Vieira Lima, vice-presidente da Caixa Econ\u00f4mica Federal<\/p><\/div>\n<p>&nbsp;<\/p>\n<p>MACARANI: A base pol\u00edtica de sustenta\u00e7\u00e3o ao prefeito de Macarani, Antonio Carlos Mac\u00eado (Carlinhos), que buscar\u00e1 a reelei\u00e7\u00e3o nas elei\u00e7\u00f5es de outubro, se reuniu no per\u00edodo de anivers\u00e1rio da cidade para avaliar os entendimentos acordados entre os partidos que comp\u00f5em o bloco de situa\u00e7\u00e3o e que dever\u00e3o seguir unidos em torno da candidatura do atual prefeito, por entender ser o nome mais qualificado, no momento, para enfrentar o processo pol\u00edtico, amparado pelo conjunto de realiza\u00e7\u00f5es de sua administra\u00e7\u00e3o.<\/p>\n<p>O encontro aconteceu na resid\u00eancia do prefeito Carlinhos e contou com a presen\u00e7a do ex-ministro da Integra\u00e7\u00e3o Nacional e atual superintendente da Caixa Econ\u00f4mica Federal, Geddel Vieira Lima, que esteve acompanhado de lideran\u00e7as pol\u00edticas do PMDB da Bahia, a exemplo do deputado estadual, Pedro Paulo e do pr\u00e9-candidato a prefeito de Vit\u00f3ria da Conquista, Herzem Gusm\u00e3o.<!--more--><\/p>\n<p>De forma equilibrada, usando sempre do bom senso em benef\u00edcio do bem coletivo, Geddel atuou como ponto de equil\u00edbrio na busca de coes\u00e3o do grupo que marchar\u00e1 unido rumo \u00e0s elei\u00e7\u00f5es deste ano. As diferen\u00e7as que envolvem a pol\u00edtica estadual foram deixadas de lado e o pensamento comum se centralizou no pleito municipal, quando lideres de v\u00e1rias correntes partid\u00e1rias defender\u00e3o a continuidade do projeto pol\u00edtico do atual prefeito. Evid\u00eancia disso foi o estreitamento entre Geddel e o ex-prefeito de Macarani, Armando Porto, que pela primeira vez, dividir\u00e3o o mesmo palanque.<\/p>\n<p>O encontro de ambos se constituiu num fato hist\u00f3rico e coube ao prefeito Carlinhos ciceronear o momento, at\u00e9 porque, apesar das diferen\u00e7as ideol\u00f3gicas, sempre houve um grade respeito entre as duas lideran\u00e7as, pelo importante trabalho prestado \u00e0 comunidade em suas distintas inst\u00e2ncias de poder. Era a pe\u00e7a que faltava para completar a engrenagem que vai mover a campanha de reelei\u00e7\u00e3o de Carlinhos.<\/p>\n<p>Embora eleito pelo PTB, o prefeito Antonio Carlos Mac\u00eado se afinou com o PMDB de Geddel desde o inicio do seu governo, quando encontrou no ent\u00e3o ministro da Integra\u00e7\u00e3o Nacional, a parceira que precisava para colocar em pr\u00e1tica sua a\u00e7\u00e3o de governo. Atrav\u00e9s do peemedebista, Carlinhos conseguiu recursos federais para a constru\u00e7\u00e3o de casas populares, obras de infraestrutura e a aprova\u00e7\u00e3o do projeto de capta\u00e7\u00e3o da \u00e1gua da pingadeira, em fase de constru\u00e7\u00e3o, faltando a libera\u00e7\u00e3o da \u00faltima parcela do conv\u00eanio para que seja conclu\u00edda.<\/p>\n<p>Em entrevista \u00e0 imprensa, Geddel conclamou a popula\u00e7\u00e3o de Macarani a manter o munic\u00edpio no caminho do desenvolvimento, optando pela manuten\u00e7\u00e3o do atual modelo administrativo, nas elei\u00e7\u00f5es que se aproximam. Sobre os advers\u00e1rios, ele enfatizou que os que se manifestam contr\u00e1rios ao prefeito Carlinhos, na verdade, s\u00e3o contra o povo de Macarani e n\u00e3o t\u00eam nenhum compromisso com o crescimento do munic\u00edpio.<\/p>\n<p>PMDB, PT, PTB, PRP, PSDC, PC do B, PTC, PSL, DEM e PR s\u00e3o os partidos que comp\u00f5em a base aliada ao prefeito Carlinhos, ressalvadas algumas divis\u00f5es internas, e que buscar\u00e3o o convencimento do eleitor pela continuidade da atual gest\u00e3o, cujo trabalho tem transformado o munic\u00edpio, n\u00e3o apenas pelo conjunto de obras, mas pela forma democr\u00e1tica, transparente e participativa, qualidades que mudaram o conceito de escolha do eleitor macaraniense, sendo vis\u00edvel seu n\u00edvel de intelectualidade pelos quatro anos de liberdade, paz e respeito estabelecidos pela atual administra\u00e7\u00e3o.<\/p>\n<p>O prefeito de Macarani conseguiu reunir em torno de si as principais lideran\u00e7as pol\u00edticas do munic\u00edpio, muitos deles, da oposi\u00e7\u00e3o, que reconheceram no seu governo um divisor de \u00e1guas entre o atraso, que manteve a cidade estagnada pela \u00faltima gest\u00e3o, e o progresso que chegou para ficar, elevando Macarani \u00e0 condi\u00e7\u00e3o de cidade que mais cresce no interior da Bahia.<\/p>\n<p>Numa antevis\u00e3o dos palanques que ser\u00e3o formados durante a campanha pol\u00edtica, independente de quem ou quais sejam os advers\u00e1rios que ter\u00e1 pela frente, a diferen\u00e7a entre a qualidade dos palanques ser\u00e1 inquestion\u00e1vel.<\/p>\n<p><strong><em>Ascom &#8211; Jota Santos<\/em><\/strong><\/p>\n","protected":false},"excerpt":{"rendered":"<p>&nbsp; MACARANI: A base pol\u00edtica de sustenta\u00e7\u00e3o ao prefeito de Macarani, Antonio Carlos Mac\u00eado (Carlinhos), que buscar\u00e1 a reelei\u00e7\u00e3o nas elei\u00e7\u00f5es de outubro, se reuniu no per\u00edodo de anivers\u00e1rio da cidade para avaliar os entendimentos acordados entre os partidos que comp\u00f5em o bloco de situa\u00e7\u00e3o e que dever\u00e3o seguir unidos em torno da candidatura do [&hellip;]<\/p>\n","protected":false},"author":2,"featured_media":0,"comment_status":"open","ping_status":"open","sticky":false,"template":"","format":"standard","meta":{"footnotes":"","_links_to":"","_links_to_target":""},"categories":[1],"tags":[],"class_list":["post-14922","post","type-post","status-publish","format-standard","hentry","category-geral"],"views":2374,"_links":{"self":[{"href":"https:\/\/www.sudoestehoje.com.br\/novoportal\/wp-json\/wp\/v2\/posts\/14922","targetHints":{"allow":["GET"]}}],"collection":[{"href":"https:\/\/www.sudoestehoje.com.br\/novoportal\/wp-json\/wp\/v2\/posts"}],"about":[{"href":"https:\/\/www.sudoestehoje.com.br\/novoportal\/wp-json\/wp\/v2\/types\/post"}],"author":[{"embeddable":true,"href":"https:\/\/www.sudoestehoje.com.br\/novoportal\/wp-json\/wp\/v2\/users\/2"}],"replies":[{"embeddable":true,"href":"https:\/\/www.sudoestehoje.com.br\/novoportal\/wp-json\/wp\/v2\/comments?post=14922"}],"version-history":[{"count":3,"href":"https:\/\/www.sudoestehoje.com.br\/novoportal\/wp-json\/wp\/v2\/posts\/14922\/revisions"}],"predecessor-version":[{"id":14926,"href":"https:\/\/www.sudoestehoje.com.br\/novoportal\/wp-json\/wp\/v2\/posts\/14922\/revisions\/14926"}],"wp:attachment":[{"href":"https:\/\/www.sudoestehoje.com.br\/novoportal\/wp-json\/wp\/v2\/media?parent=14922"}],"wp:term":[{"taxonomy":"category","embeddable":true,"href":"https:\/\/www.sudoestehoje.com.br\/novoportal\/wp-json\/wp\/v2\/categories?post=14922"},{"taxonomy":"post_tag","embeddable":true,"href":"https:\/\/www.sudoestehoje.com.br\/novoportal\/wp-json\/wp\/v2\/tags?post=14922"}],"curies":[{"name":"wp","href":"https:\/\/api.w.org\/{rel}","templated":true}]}}