
{"id":14867,"date":"2012-04-21T12:56:40","date_gmt":"2012-04-21T15:56:40","guid":{"rendered":"http:\/\/www.sudoestehoje.com.br\/novoportal\/?p=14867"},"modified":"2012-04-21T17:49:46","modified_gmt":"2012-04-21T20:49:46","slug":"medalha-juvino-oliveira-a-festa","status":"publish","type":"post","link":"https:\/\/www.sudoestehoje.com.br\/novoportal\/2012\/04\/21\/medalha-juvino-oliveira-a-festa\/","title":{"rendered":"MEDALHA JUVINO OLIVEIRA: A FESTA"},"content":{"rendered":"<div id=\"attachment_14869\" style=\"width: 510px\" class=\"wp-caption aligncenter\"><a href=\"http:\/\/www.sudoestehoje.com.br\/novoportal\/wp-content\/uploads\/2012\/04\/GEDC1173.jpg\"><img loading=\"lazy\" decoding=\"async\" aria-describedby=\"caption-attachment-14869\" class=\"size-medium wp-image-14869\" title=\"GEDC1173\" src=\"http:\/\/www.sudoestehoje.com.br\/novoportal\/wp-content\/uploads\/2012\/04\/GEDC1173-500x281.jpg\" alt=\"\" width=\"500\" height=\"281\" srcset=\"https:\/\/www.sudoestehoje.com.br\/novoportal\/wp-content\/uploads\/2012\/04\/GEDC1173-500x281.jpg 500w, https:\/\/www.sudoestehoje.com.br\/novoportal\/wp-content\/uploads\/2012\/04\/GEDC1173-1024x576.jpg 1024w, https:\/\/www.sudoestehoje.com.br\/novoportal\/wp-content\/uploads\/2012\/04\/GEDC1173.jpg 1920w\" sizes=\"auto, (max-width: 500px) 100vw, 500px\" \/><\/a><p id=\"caption-attachment-14869\" class=\"wp-caption-text\">O ex-prefeito Jos\u00e9 Ot\u00e1vio Curvelo recebeu a medalha Juvino Oliveira das m\u00e3os do vice-prefeito Edilson Lima.<\/p><\/div>\n<p>&nbsp;<\/p>\n<p>ITAPETINGA: A festa de entrega da &#8216;Madalha Juvino Oliveira&#8217; aconteceu na noite desta sexta-feira, no Coroas Country Club. O evento foi concorrido e contou com a presen\u00e7a de in\u00fameros homenageados, sendo que alguns, im memorium, foram representados por familiares. Dentre os presentes, destacaram-se o ex-prefeito Jos\u00e9 Ot\u00e1vio Curvelo, o atual vice-prefeito Edilson Lima, o presidente da Coopardo R\u00f4mulo Coelho, os pr\u00e9-candidatos a prefeito Arnaldo Teixeira e Geraldo Trindade, os vereadores Fabiano Bahia, Naara Duarte e Ded\u00e9 Morais, dentre outros.<\/p>\n<div id=\"attachment_14879\" style=\"width: 510px\" class=\"wp-caption aligncenter\"><a href=\"http:\/\/www.sudoestehoje.com.br\/novoportal\/wp-content\/uploads\/2012\/04\/GEDC1238.jpg\"><img loading=\"lazy\" decoding=\"async\" aria-describedby=\"caption-attachment-14879\" class=\"size-medium wp-image-14879\" title=\"GEDC1238\" src=\"http:\/\/www.sudoestehoje.com.br\/novoportal\/wp-content\/uploads\/2012\/04\/GEDC1238-500x281.jpg\" alt=\"\" width=\"500\" height=\"281\" srcset=\"https:\/\/www.sudoestehoje.com.br\/novoportal\/wp-content\/uploads\/2012\/04\/GEDC1238-500x281.jpg 500w, https:\/\/www.sudoestehoje.com.br\/novoportal\/wp-content\/uploads\/2012\/04\/GEDC1238-1024x576.jpg 1024w, https:\/\/www.sudoestehoje.com.br\/novoportal\/wp-content\/uploads\/2012\/04\/GEDC1238.jpg 1920w\" sizes=\"auto, (max-width: 500px) 100vw, 500px\" \/><\/a><p id=\"caption-attachment-14879\" class=\"wp-caption-text\">Depois das homenagens, a festa ficou por conta do seresteiro Figueiredo, que animou a noitada com o seu excelente repert\u00f3rio de boleros e baladas inesquec\u00edveis.<\/p><\/div>\n<p><strong><em>CONFIRA AS FOTOS:<!--more--><\/em><\/strong><\/p>\n<div id=\"attachment_14868\" style=\"width: 510px\" class=\"wp-caption aligncenter\"><a href=\"http:\/\/www.sudoestehoje.com.br\/novoportal\/wp-content\/uploads\/2012\/04\/GEDC1154.jpg\"><img loading=\"lazy\" decoding=\"async\" aria-describedby=\"caption-attachment-14868\" class=\"size-medium wp-image-14868\" title=\"GEDC1154\" src=\"http:\/\/www.sudoestehoje.com.br\/novoportal\/wp-content\/uploads\/2012\/04\/GEDC1154-500x281.jpg\" alt=\"\" width=\"500\" height=\"281\" srcset=\"https:\/\/www.sudoestehoje.com.br\/novoportal\/wp-content\/uploads\/2012\/04\/GEDC1154-500x281.jpg 500w, https:\/\/www.sudoestehoje.com.br\/novoportal\/wp-content\/uploads\/2012\/04\/GEDC1154-1024x576.jpg 1024w, https:\/\/www.sudoestehoje.com.br\/novoportal\/wp-content\/uploads\/2012\/04\/GEDC1154.jpg 1920w\" sizes=\"auto, (max-width: 500px) 100vw, 500px\" \/><\/a><p id=\"caption-attachment-14868\" class=\"wp-caption-text\">Pol\u00edticos que fizeram a hist\u00f3ria de Itapetinga foram homenageados com a &#39;Medalha Juvino Oliveira&#39;<\/p><\/div>\n<div id=\"attachment_14870\" style=\"width: 510px\" class=\"wp-caption aligncenter\"><a href=\"http:\/\/www.sudoestehoje.com.br\/novoportal\/wp-content\/uploads\/2012\/04\/GEDC1159.jpg\"><img loading=\"lazy\" decoding=\"async\" aria-describedby=\"caption-attachment-14870\" class=\"size-medium wp-image-14870\" title=\"GEDC1159\" src=\"http:\/\/www.sudoestehoje.com.br\/novoportal\/wp-content\/uploads\/2012\/04\/GEDC1159-500x281.jpg\" alt=\"\" width=\"500\" height=\"281\" srcset=\"https:\/\/www.sudoestehoje.com.br\/novoportal\/wp-content\/uploads\/2012\/04\/GEDC1159-500x281.jpg 500w, https:\/\/www.sudoestehoje.com.br\/novoportal\/wp-content\/uploads\/2012\/04\/GEDC1159-1024x576.jpg 1024w, https:\/\/www.sudoestehoje.com.br\/novoportal\/wp-content\/uploads\/2012\/04\/GEDC1159.jpg 1920w\" sizes=\"auto, (max-width: 500px) 100vw, 500px\" \/><\/a><p id=\"caption-attachment-14870\" class=\"wp-caption-text\">&#39;Vespinha&#39; representou a fam\u00edlia de Juvino Oliveira e recebeu a medalha em nome do seu pai, o ex-deputado Vespasiano Dias, um dos pioneiros da pol\u00edtica em Itapetinga. Juscelino Sousa, correspondente do jornal A Tarde na Regi\u00e3o Sudoeste, abrilhantou a noite apresentando o concorrido evento.<\/p><\/div>\n<div id=\"attachment_14871\" style=\"width: 510px\" class=\"wp-caption aligncenter\"><a href=\"http:\/\/www.sudoestehoje.com.br\/novoportal\/wp-content\/uploads\/2012\/04\/GEDC1168.jpg\"><img loading=\"lazy\" decoding=\"async\" aria-describedby=\"caption-attachment-14871\" class=\"size-medium wp-image-14871\" title=\"GEDC1168\" src=\"http:\/\/www.sudoestehoje.com.br\/novoportal\/wp-content\/uploads\/2012\/04\/GEDC1168-500x281.jpg\" alt=\"\" width=\"500\" height=\"281\" srcset=\"https:\/\/www.sudoestehoje.com.br\/novoportal\/wp-content\/uploads\/2012\/04\/GEDC1168-500x281.jpg 500w, https:\/\/www.sudoestehoje.com.br\/novoportal\/wp-content\/uploads\/2012\/04\/GEDC1168-1024x576.jpg 1024w, https:\/\/www.sudoestehoje.com.br\/novoportal\/wp-content\/uploads\/2012\/04\/GEDC1168.jpg 1920w\" sizes=\"auto, (max-width: 500px) 100vw, 500px\" \/><\/a><p id=\"caption-attachment-14871\" class=\"wp-caption-text\">Marcos Espinheira representou a sua cunhada K\u00e1tia Espinheira, que n\u00e3o pode participar do evento, por motivo de viagem. Marcus representou tamb\u00e9m o seu pai, o ex-prefeito Jos\u00e9 Vaz Espinheira.<\/p><\/div>\n<div id=\"attachment_14872\" style=\"width: 510px\" class=\"wp-caption aligncenter\"><a href=\"http:\/\/www.sudoestehoje.com.br\/novoportal\/wp-content\/uploads\/2012\/04\/GEDC1180.jpg\"><img loading=\"lazy\" decoding=\"async\" aria-describedby=\"caption-attachment-14872\" class=\"size-medium wp-image-14872\" title=\"GEDC1180\" src=\"http:\/\/www.sudoestehoje.com.br\/novoportal\/wp-content\/uploads\/2012\/04\/GEDC1180-500x281.jpg\" alt=\"\" width=\"500\" height=\"281\" srcset=\"https:\/\/www.sudoestehoje.com.br\/novoportal\/wp-content\/uploads\/2012\/04\/GEDC1180-500x281.jpg 500w, https:\/\/www.sudoestehoje.com.br\/novoportal\/wp-content\/uploads\/2012\/04\/GEDC1180-1024x576.jpg 1024w, https:\/\/www.sudoestehoje.com.br\/novoportal\/wp-content\/uploads\/2012\/04\/GEDC1180.jpg 1920w\" sizes=\"auto, (max-width: 500px) 100vw, 500px\" \/><\/a><p id=\"caption-attachment-14872\" class=\"wp-caption-text\">Os ex-vereadores Daniel Moreira, Gama Sobrinho, Ediel Rios e Juraci Nunes tamb\u00e9m foram homenageados com a medalha<\/p><\/div>\n<div id=\"attachment_14873\" style=\"width: 510px\" class=\"wp-caption aligncenter\"><a href=\"http:\/\/www.sudoestehoje.com.br\/novoportal\/wp-content\/uploads\/2012\/04\/GEDC1194.jpg\"><img loading=\"lazy\" decoding=\"async\" aria-describedby=\"caption-attachment-14873\" class=\"size-medium wp-image-14873\" title=\"GEDC1194\" src=\"http:\/\/www.sudoestehoje.com.br\/novoportal\/wp-content\/uploads\/2012\/04\/GEDC1194-500x281.jpg\" alt=\"\" width=\"500\" height=\"281\" srcset=\"https:\/\/www.sudoestehoje.com.br\/novoportal\/wp-content\/uploads\/2012\/04\/GEDC1194-500x281.jpg 500w, https:\/\/www.sudoestehoje.com.br\/novoportal\/wp-content\/uploads\/2012\/04\/GEDC1194-1024x576.jpg 1024w, https:\/\/www.sudoestehoje.com.br\/novoportal\/wp-content\/uploads\/2012\/04\/GEDC1194.jpg 1920w\" sizes=\"auto, (max-width: 500px) 100vw, 500px\" \/><\/a><p id=\"caption-attachment-14873\" class=\"wp-caption-text\">Jorge da Abenfac, Juscelino Gomes, Nilton Dias e Zildo Carvalho receberam a medalha das m\u00e3os de Arnaldo Teixeira, pr\u00e9-candidato a prefeito pelo PR<\/p><\/div>\n<div id=\"attachment_14874\" style=\"width: 510px\" class=\"wp-caption aligncenter\"><a href=\"http:\/\/www.sudoestehoje.com.br\/novoportal\/wp-content\/uploads\/2012\/04\/GEDC1197.jpg\"><img loading=\"lazy\" decoding=\"async\" aria-describedby=\"caption-attachment-14874\" class=\"size-medium wp-image-14874\" title=\"GEDC1197\" src=\"http:\/\/www.sudoestehoje.com.br\/novoportal\/wp-content\/uploads\/2012\/04\/GEDC1197-500x281.jpg\" alt=\"\" width=\"500\" height=\"281\" srcset=\"https:\/\/www.sudoestehoje.com.br\/novoportal\/wp-content\/uploads\/2012\/04\/GEDC1197-500x281.jpg 500w, https:\/\/www.sudoestehoje.com.br\/novoportal\/wp-content\/uploads\/2012\/04\/GEDC1197-1024x576.jpg 1024w, https:\/\/www.sudoestehoje.com.br\/novoportal\/wp-content\/uploads\/2012\/04\/GEDC1197.jpg 1920w\" sizes=\"auto, (max-width: 500px) 100vw, 500px\" \/><\/a><p id=\"caption-attachment-14874\" class=\"wp-caption-text\">Davi Ferraz, Jackson Coelho e Ari Cursino tamb\u00e9m foram agraciados com a distin\u00e7\u00e3o, pelos servi\u00e7os prestados \u00e0 comunidade, no exerc\u00edcio da verean\u00e7a.<\/p><\/div>\n<div id=\"attachment_14875\" style=\"width: 510px\" class=\"wp-caption aligncenter\"><a href=\"http:\/\/www.sudoestehoje.com.br\/novoportal\/wp-content\/uploads\/2012\/04\/GEDC1204.jpg\"><img loading=\"lazy\" decoding=\"async\" aria-describedby=\"caption-attachment-14875\" class=\"size-medium wp-image-14875\" title=\"GEDC1204\" src=\"http:\/\/www.sudoestehoje.com.br\/novoportal\/wp-content\/uploads\/2012\/04\/GEDC1204-500x281.jpg\" alt=\"\" width=\"500\" height=\"281\" srcset=\"https:\/\/www.sudoestehoje.com.br\/novoportal\/wp-content\/uploads\/2012\/04\/GEDC1204-500x281.jpg 500w, https:\/\/www.sudoestehoje.com.br\/novoportal\/wp-content\/uploads\/2012\/04\/GEDC1204-1024x576.jpg 1024w, https:\/\/www.sudoestehoje.com.br\/novoportal\/wp-content\/uploads\/2012\/04\/GEDC1204.jpg 1920w\" sizes=\"auto, (max-width: 500px) 100vw, 500px\" \/><\/a><p id=\"caption-attachment-14875\" class=\"wp-caption-text\">Naara Duarte recebeu a medalha Juvino Oliveira das m\u00e3os do seu colega de bancada, o vereador Fabiano Bahia<\/p><\/div>\n<div id=\"attachment_14876\" style=\"width: 510px\" class=\"wp-caption aligncenter\"><a href=\"http:\/\/www.sudoestehoje.com.br\/novoportal\/wp-content\/uploads\/2012\/04\/GEDC1206.jpg\"><img loading=\"lazy\" decoding=\"async\" aria-describedby=\"caption-attachment-14876\" class=\"size-medium wp-image-14876\" title=\"GEDC1206\" src=\"http:\/\/www.sudoestehoje.com.br\/novoportal\/wp-content\/uploads\/2012\/04\/GEDC1206-500x281.jpg\" alt=\"\" width=\"500\" height=\"281\" srcset=\"https:\/\/www.sudoestehoje.com.br\/novoportal\/wp-content\/uploads\/2012\/04\/GEDC1206-500x281.jpg 500w, https:\/\/www.sudoestehoje.com.br\/novoportal\/wp-content\/uploads\/2012\/04\/GEDC1206-1024x576.jpg 1024w, https:\/\/www.sudoestehoje.com.br\/novoportal\/wp-content\/uploads\/2012\/04\/GEDC1206.jpg 1920w\" sizes=\"auto, (max-width: 500px) 100vw, 500px\" \/><\/a><p id=\"caption-attachment-14876\" class=\"wp-caption-text\">Fabiano tamb\u00e9m fez a entrega da medalha ao seu irm\u00e3o Arnaldo Teixeira, ex-vereador e deputado estadual.<\/p><\/div>\n<div id=\"attachment_14877\" style=\"width: 510px\" class=\"wp-caption aligncenter\"><a href=\"http:\/\/www.sudoestehoje.com.br\/novoportal\/wp-content\/uploads\/2012\/04\/GEDC1220.jpg\"><img loading=\"lazy\" decoding=\"async\" aria-describedby=\"caption-attachment-14877\" class=\"size-medium wp-image-14877\" title=\"GEDC1220\" src=\"http:\/\/www.sudoestehoje.com.br\/novoportal\/wp-content\/uploads\/2012\/04\/GEDC1220-500x281.jpg\" alt=\"\" width=\"500\" height=\"281\" srcset=\"https:\/\/www.sudoestehoje.com.br\/novoportal\/wp-content\/uploads\/2012\/04\/GEDC1220-500x281.jpg 500w, https:\/\/www.sudoestehoje.com.br\/novoportal\/wp-content\/uploads\/2012\/04\/GEDC1220-1024x576.jpg 1024w, https:\/\/www.sudoestehoje.com.br\/novoportal\/wp-content\/uploads\/2012\/04\/GEDC1220.jpg 1920w\" sizes=\"auto, (max-width: 500px) 100vw, 500px\" \/><\/a><p id=\"caption-attachment-14877\" class=\"wp-caption-text\">R\u00f4mulo Coelho, ex-vice-prefeito de Itapetinga, foi um dos homenageados, recebendo a medalha Juvino Oliveira das m\u00e3os do pr\u00e9-candidato a prefeito pelo DEM, Geraldo Trindade<\/p><\/div>\n<div id=\"attachment_14878\" style=\"width: 510px\" class=\"wp-caption aligncenter\"><a href=\"http:\/\/www.sudoestehoje.com.br\/novoportal\/wp-content\/uploads\/2012\/04\/GEDC1224.jpg\"><img loading=\"lazy\" decoding=\"async\" aria-describedby=\"caption-attachment-14878\" class=\"size-medium wp-image-14878\" title=\"GEDC1224\" src=\"http:\/\/www.sudoestehoje.com.br\/novoportal\/wp-content\/uploads\/2012\/04\/GEDC1224-500x281.jpg\" alt=\"\" width=\"500\" height=\"281\" srcset=\"https:\/\/www.sudoestehoje.com.br\/novoportal\/wp-content\/uploads\/2012\/04\/GEDC1224-500x281.jpg 500w, https:\/\/www.sudoestehoje.com.br\/novoportal\/wp-content\/uploads\/2012\/04\/GEDC1224-1024x576.jpg 1024w, https:\/\/www.sudoestehoje.com.br\/novoportal\/wp-content\/uploads\/2012\/04\/GEDC1224.jpg 1920w\" sizes=\"auto, (max-width: 500px) 100vw, 500px\" \/><\/a><p id=\"caption-attachment-14878\" class=\"wp-caption-text\">Fernanda Ferraz, filha do ex-vereador Alfredo Ferraz, ao lado de Geraldo, Vespinha e Renan Pereira.<\/p><\/div>\n<div id=\"attachment_14882\" style=\"width: 510px\" class=\"wp-caption aligncenter\"><a href=\"http:\/\/www.sudoestehoje.com.br\/novoportal\/wp-content\/uploads\/2012\/04\/GEDC1228.jpg\"><img loading=\"lazy\" decoding=\"async\" aria-describedby=\"caption-attachment-14882\" class=\"size-medium wp-image-14882\" title=\"GEDC1228\" src=\"http:\/\/www.sudoestehoje.com.br\/novoportal\/wp-content\/uploads\/2012\/04\/GEDC1228-500x281.jpg\" alt=\"\" width=\"500\" height=\"281\" srcset=\"https:\/\/www.sudoestehoje.com.br\/novoportal\/wp-content\/uploads\/2012\/04\/GEDC1228-500x281.jpg 500w, https:\/\/www.sudoestehoje.com.br\/novoportal\/wp-content\/uploads\/2012\/04\/GEDC1228-1024x576.jpg 1024w, https:\/\/www.sudoestehoje.com.br\/novoportal\/wp-content\/uploads\/2012\/04\/GEDC1228.jpg 1920w\" sizes=\"auto, (max-width: 500px) 100vw, 500px\" \/><\/a><p id=\"caption-attachment-14882\" class=\"wp-caption-text\">O anfitri\u00e3o Gild\u00e1sio Queiroz e fam\u00edlia, sendo homenageado pelo radialista e vice-prefeito de Itapetinga, Edilson Lima.<\/p><\/div>\n<div id=\"attachment_14883\" style=\"width: 510px\" class=\"wp-caption aligncenter\"><a href=\"http:\/\/www.sudoestehoje.com.br\/novoportal\/wp-content\/uploads\/2012\/04\/GEDC1247.jpg\"><img loading=\"lazy\" decoding=\"async\" aria-describedby=\"caption-attachment-14883\" class=\"size-medium wp-image-14883\" title=\"GEDC1247\" src=\"http:\/\/www.sudoestehoje.com.br\/novoportal\/wp-content\/uploads\/2012\/04\/GEDC1247-500x281.jpg\" alt=\"\" width=\"500\" height=\"281\" srcset=\"https:\/\/www.sudoestehoje.com.br\/novoportal\/wp-content\/uploads\/2012\/04\/GEDC1247-500x281.jpg 500w, https:\/\/www.sudoestehoje.com.br\/novoportal\/wp-content\/uploads\/2012\/04\/GEDC1247-1024x576.jpg 1024w, https:\/\/www.sudoestehoje.com.br\/novoportal\/wp-content\/uploads\/2012\/04\/GEDC1247.jpg 1920w\" sizes=\"auto, (max-width: 500px) 100vw, 500px\" \/><\/a><p id=\"caption-attachment-14883\" class=\"wp-caption-text\">O renomado m\u00e9dico Dr. Marcelo se destacou durante a festa, exibindo o seu talento na dan\u00e7a do bolero. Um show \u00e0 parte.<\/p><\/div>\n<div id=\"attachment_14888\" style=\"width: 510px\" class=\"wp-caption aligncenter\"><a href=\"http:\/\/www.sudoestehoje.com.br\/novoportal\/wp-content\/uploads\/2012\/04\/GEDC11961.jpg\"><img loading=\"lazy\" decoding=\"async\" aria-describedby=\"caption-attachment-14888\" class=\"size-medium wp-image-14888\" title=\"GEDC1196\" src=\"http:\/\/www.sudoestehoje.com.br\/novoportal\/wp-content\/uploads\/2012\/04\/GEDC11961-500x281.jpg\" alt=\"\" width=\"500\" height=\"281\" srcset=\"https:\/\/www.sudoestehoje.com.br\/novoportal\/wp-content\/uploads\/2012\/04\/GEDC11961-500x281.jpg 500w, https:\/\/www.sudoestehoje.com.br\/novoportal\/wp-content\/uploads\/2012\/04\/GEDC11961-1024x576.jpg 1024w, https:\/\/www.sudoestehoje.com.br\/novoportal\/wp-content\/uploads\/2012\/04\/GEDC11961.jpg 1920w\" sizes=\"auto, (max-width: 500px) 100vw, 500px\" \/><\/a><p id=\"caption-attachment-14888\" class=\"wp-caption-text\">O vereador Ded\u00e9 Morais (PSB) recebeu a medalha representando o ex-vereador Get\u00falio Olimpio Gomes e posou para a foto ao lado de Juscelino Gomes e Zildo Carvalho<\/p><\/div>\n<div id=\"attachment_14892\" style=\"width: 510px\" class=\"wp-caption aligncenter\"><a href=\"http:\/\/www.sudoestehoje.com.br\/novoportal\/wp-content\/uploads\/2012\/04\/GEDC1145.jpg\"><img loading=\"lazy\" decoding=\"async\" aria-describedby=\"caption-attachment-14892\" class=\"size-medium wp-image-14892\" title=\"GEDC1145\" src=\"http:\/\/www.sudoestehoje.com.br\/novoportal\/wp-content\/uploads\/2012\/04\/GEDC1145-500x281.jpg\" alt=\"\" width=\"500\" height=\"281\" srcset=\"https:\/\/www.sudoestehoje.com.br\/novoportal\/wp-content\/uploads\/2012\/04\/GEDC1145-500x281.jpg 500w, https:\/\/www.sudoestehoje.com.br\/novoportal\/wp-content\/uploads\/2012\/04\/GEDC1145-1024x576.jpg 1024w, https:\/\/www.sudoestehoje.com.br\/novoportal\/wp-content\/uploads\/2012\/04\/GEDC1145.jpg 1920w\" sizes=\"auto, (max-width: 500px) 100vw, 500px\" \/><\/a><p id=\"caption-attachment-14892\" class=\"wp-caption-text\">O conceituado m\u00e9dico Dr. Marcelo prestigiou o evento, juntamente com seus familiares e amigos<\/p><\/div>\n<div id=\"attachment_14893\" style=\"width: 510px\" class=\"wp-caption aligncenter\"><a href=\"http:\/\/www.sudoestehoje.com.br\/novoportal\/wp-content\/uploads\/2012\/04\/GEDC1136.jpg\"><img loading=\"lazy\" decoding=\"async\" aria-describedby=\"caption-attachment-14893\" class=\"size-medium wp-image-14893\" title=\"GEDC1136\" src=\"http:\/\/www.sudoestehoje.com.br\/novoportal\/wp-content\/uploads\/2012\/04\/GEDC1136-500x281.jpg\" alt=\"\" width=\"500\" height=\"281\" srcset=\"https:\/\/www.sudoestehoje.com.br\/novoportal\/wp-content\/uploads\/2012\/04\/GEDC1136-500x281.jpg 500w, https:\/\/www.sudoestehoje.com.br\/novoportal\/wp-content\/uploads\/2012\/04\/GEDC1136-1024x576.jpg 1024w, https:\/\/www.sudoestehoje.com.br\/novoportal\/wp-content\/uploads\/2012\/04\/GEDC1136.jpg 1920w\" sizes=\"auto, (max-width: 500px) 100vw, 500px\" \/><\/a><p id=\"caption-attachment-14893\" class=\"wp-caption-text\">Niltinho Dias foi um dos agraciados com a medalha Juvino Oliveira e demonstrou toda a sua satisfa\u00e7\u00e3o, ao lado da amiga Marisa Menezes.<\/p><\/div>\n<div id=\"attachment_14894\" style=\"width: 510px\" class=\"wp-caption aligncenter\"><a href=\"http:\/\/www.sudoestehoje.com.br\/novoportal\/wp-content\/uploads\/2012\/04\/GEDC1135.jpg\"><img loading=\"lazy\" decoding=\"async\" aria-describedby=\"caption-attachment-14894\" class=\"size-medium wp-image-14894\" title=\"GEDC1135\" src=\"http:\/\/www.sudoestehoje.com.br\/novoportal\/wp-content\/uploads\/2012\/04\/GEDC1135-500x281.jpg\" alt=\"\" width=\"500\" height=\"281\" srcset=\"https:\/\/www.sudoestehoje.com.br\/novoportal\/wp-content\/uploads\/2012\/04\/GEDC1135-500x281.jpg 500w, https:\/\/www.sudoestehoje.com.br\/novoportal\/wp-content\/uploads\/2012\/04\/GEDC1135-1024x576.jpg 1024w, https:\/\/www.sudoestehoje.com.br\/novoportal\/wp-content\/uploads\/2012\/04\/GEDC1135.jpg 1920w\" sizes=\"auto, (max-width: 500px) 100vw, 500px\" \/><\/a><p id=\"caption-attachment-14894\" class=\"wp-caption-text\">Jos\u00e9 Elias Ribeiro tamb\u00e9m prestigiou a festa e posou para as nossas c\u00e2meras ao lado do pr\u00e9-candidato Arnaldo Teixeira, Fabiano Bahia e Jos\u00e9 Gustecindo.<\/p><\/div>\n<p>&nbsp;<\/p>\n","protected":false},"excerpt":{"rendered":"<p>&nbsp; ITAPETINGA: A festa de entrega da &#8216;Madalha Juvino Oliveira&#8217; aconteceu na noite desta sexta-feira, no Coroas Country Club. O evento foi concorrido e contou com a presen\u00e7a de in\u00fameros homenageados, sendo que alguns, im memorium, foram representados por familiares. Dentre os presentes, destacaram-se o ex-prefeito Jos\u00e9 Ot\u00e1vio Curvelo, o atual vice-prefeito Edilson Lima, o [&hellip;]<\/p>\n","protected":false},"author":2,"featured_media":0,"comment_status":"open","ping_status":"open","sticky":false,"template":"","format":"standard","meta":{"footnotes":"","_links_to":"","_links_to_target":""},"categories":[1],"tags":[],"class_list":["post-14867","post","type-post","status-publish","format-standard","hentry","category-geral"],"views":6188,"_links":{"self":[{"href":"https:\/\/www.sudoestehoje.com.br\/novoportal\/wp-json\/wp\/v2\/posts\/14867","targetHints":{"allow":["GET"]}}],"collection":[{"href":"https:\/\/www.sudoestehoje.com.br\/novoportal\/wp-json\/wp\/v2\/posts"}],"about":[{"href":"https:\/\/www.sudoestehoje.com.br\/novoportal\/wp-json\/wp\/v2\/types\/post"}],"author":[{"embeddable":true,"href":"https:\/\/www.sudoestehoje.com.br\/novoportal\/wp-json\/wp\/v2\/users\/2"}],"replies":[{"embeddable":true,"href":"https:\/\/www.sudoestehoje.com.br\/novoportal\/wp-json\/wp\/v2\/comments?post=14867"}],"version-history":[{"count":9,"href":"https:\/\/www.sudoestehoje.com.br\/novoportal\/wp-json\/wp\/v2\/posts\/14867\/revisions"}],"predecessor-version":[{"id":14885,"href":"https:\/\/www.sudoestehoje.com.br\/novoportal\/wp-json\/wp\/v2\/posts\/14867\/revisions\/14885"}],"wp:attachment":[{"href":"https:\/\/www.sudoestehoje.com.br\/novoportal\/wp-json\/wp\/v2\/media?parent=14867"}],"wp:term":[{"taxonomy":"category","embeddable":true,"href":"https:\/\/www.sudoestehoje.com.br\/novoportal\/wp-json\/wp\/v2\/categories?post=14867"},{"taxonomy":"post_tag","embeddable":true,"href":"https:\/\/www.sudoestehoje.com.br\/novoportal\/wp-json\/wp\/v2\/tags?post=14867"}],"curies":[{"name":"wp","href":"https:\/\/api.w.org\/{rel}","templated":true}]}}