
{"id":1486,"date":"2010-10-26T13:11:25","date_gmt":"2010-10-26T16:11:25","guid":{"rendered":"http:\/\/www.sudoestehoje.com.br\/novoportal\/?p=1486"},"modified":"2010-10-26T13:16:14","modified_gmt":"2010-10-26T16:16:14","slug":"amaral-amarelou","status":"publish","type":"post","link":"https:\/\/www.sudoestehoje.com.br\/novoportal\/2010\/10\/26\/amaral-amarelou\/","title":{"rendered":"AMARAL AMARELOU"},"content":{"rendered":"<p style=\"text-align: center;\"><a id=\"apf0\" href=\"http:\/\/www.google.com.br\/imgres?imgurl=http:\/\/3.bp.blogspot.com\/_uq6liMBhfMI\/SZbk9R_FFzI\/AAAAAAAAAOU\/chgqRW7a1U4\/s400\/Amaral%2Be%2BJadiel&amp;imgrefurl=http:\/\/alertaitarantim.blogspot.com\/2009\/02\/confirmado-entrevista-do-vereador.html&amp;usg=__msdE1EpUjD0BgXEDJXPLOzGZtio=&amp;h=300&amp;w=400&amp;sz=16&amp;hl=pt-br&amp;start=1&amp;zoom=1&amp;itbs=1&amp;tbnid=-RYBNx-P9YsTJM:&amp;tbnh=93&amp;tbnw=124&amp;prev=\/images%3Fq%3Dradio%2Bjornal%2Bamaral%26hl%3Dpt-br%26sa%3DG%26gbv%3D2%26tbs%3Disch:1\"><img loading=\"lazy\" decoding=\"async\" id=\"ipf-RYBNx-P9YsTJM:\" class=\"aligncenter\" src=\"http:\/\/t1.gstatic.com\/images?q=tbn:-RYBNx-P9YsTJM:http:\/\/3.bp.blogspot.com\/_uq6liMBhfMI\/SZbk9R_FFzI\/AAAAAAAAAOU\/chgqRW7a1U4\/s400\/Amaral%2Be%2BJadiel\" alt=\"\" width=\"124\" height=\"93\" \/><\/a><\/p>\n<p>O fato do deputado Uldurico Pinto ser o dono da R\u00e1dio Jornal n\u00e3o lhe d\u00e1 o direito de falar na emissora quando bem quer, pois a r\u00e1dio se encontra arrendada para Zen\u00f3bio\u00a0&amp; Cia. Desta forma, fica claro que Amaral &#8216;amarelou&#8217; ou colaborou com Uldurico, que fez acusa\u00e7\u00f5es pesadas contra Zen\u00f3bio e Z\u00e9 Carlos. Na semana retrasada o preposto de Uldurico, o amigo H\u00e9lio Cancela, veio a Itapetinga a mando do deputado para conversar com Amaral, mas o &#8216;valente&#8217; locutor &#8216;capou o gato&#8217; e deixou Helio a ver navios. Agora eu quero ver como \u00e9 que o &#8216;Ouvidor&#8217; vai se explicar com os seus patr\u00f5es Z\u00e9 Carlos, Cida e Zen\u00f3bio. Tadinho&#8230;<\/p>\n","protected":false},"excerpt":{"rendered":"<p>O fato do deputado Uldurico Pinto ser o dono da R\u00e1dio Jornal n\u00e3o lhe d\u00e1 o direito de falar na emissora quando bem quer, pois a r\u00e1dio se encontra arrendada para Zen\u00f3bio\u00a0&amp; Cia. Desta forma, fica claro que Amaral &#8216;amarelou&#8217; ou colaborou com Uldurico, que fez acusa\u00e7\u00f5es pesadas contra Zen\u00f3bio e Z\u00e9 Carlos. Na semana [&hellip;]<\/p>\n","protected":false},"author":2,"featured_media":0,"comment_status":"open","ping_status":"open","sticky":false,"template":"","format":"standard","meta":{"footnotes":"","_links_to":"","_links_to_target":""},"categories":[11],"tags":[],"class_list":["post-1486","post","type-post","status-publish","format-standard","hentry","category-quentinhas"],"views":1129,"_links":{"self":[{"href":"https:\/\/www.sudoestehoje.com.br\/novoportal\/wp-json\/wp\/v2\/posts\/1486","targetHints":{"allow":["GET"]}}],"collection":[{"href":"https:\/\/www.sudoestehoje.com.br\/novoportal\/wp-json\/wp\/v2\/posts"}],"about":[{"href":"https:\/\/www.sudoestehoje.com.br\/novoportal\/wp-json\/wp\/v2\/types\/post"}],"author":[{"embeddable":true,"href":"https:\/\/www.sudoestehoje.com.br\/novoportal\/wp-json\/wp\/v2\/users\/2"}],"replies":[{"embeddable":true,"href":"https:\/\/www.sudoestehoje.com.br\/novoportal\/wp-json\/wp\/v2\/comments?post=1486"}],"version-history":[{"count":4,"href":"https:\/\/www.sudoestehoje.com.br\/novoportal\/wp-json\/wp\/v2\/posts\/1486\/revisions"}],"predecessor-version":[{"id":1488,"href":"https:\/\/www.sudoestehoje.com.br\/novoportal\/wp-json\/wp\/v2\/posts\/1486\/revisions\/1488"}],"wp:attachment":[{"href":"https:\/\/www.sudoestehoje.com.br\/novoportal\/wp-json\/wp\/v2\/media?parent=1486"}],"wp:term":[{"taxonomy":"category","embeddable":true,"href":"https:\/\/www.sudoestehoje.com.br\/novoportal\/wp-json\/wp\/v2\/categories?post=1486"},{"taxonomy":"post_tag","embeddable":true,"href":"https:\/\/www.sudoestehoje.com.br\/novoportal\/wp-json\/wp\/v2\/tags?post=1486"}],"curies":[{"name":"wp","href":"https:\/\/api.w.org\/{rel}","templated":true}]}}