
{"id":14850,"date":"2012-04-20T13:25:49","date_gmt":"2012-04-20T16:25:49","guid":{"rendered":"http:\/\/www.sudoestehoje.com.br\/novoportal\/?p=14850"},"modified":"2012-04-20T13:31:23","modified_gmt":"2012-04-20T16:31:23","slug":"14850","status":"publish","type":"post","link":"https:\/\/www.sudoestehoje.com.br\/novoportal\/2012\/04\/20\/14850\/","title":{"rendered":"PR REALIZA ENCONTRO EM BANDEIRA DO COL\u00d4NIA"},"content":{"rendered":"<div id=\"message1270402798\">\n<div id=\"yiv1693525526\">\n<p style=\"text-align: center;\"><a href=\"http:\/\/www.sudoestehoje.com.br\/novoportal\/wp-content\/uploads\/2012\/04\/ARNALDO-EM-BANDEIRA-1.jpg\"><img decoding=\"async\" class=\"aligncenter  wp-image-14851\" title=\"ARNALDO EM BANDEIRA 1\" src=\"http:\/\/www.sudoestehoje.com.br\/novoportal\/wp-content\/uploads\/2012\/04\/ARNALDO-EM-BANDEIRA-1-500x375.jpg\" alt=\"\" width=\"400\" srcset=\"https:\/\/www.sudoestehoje.com.br\/novoportal\/wp-content\/uploads\/2012\/04\/ARNALDO-EM-BANDEIRA-1-500x375.jpg 500w, https:\/\/www.sudoestehoje.com.br\/novoportal\/wp-content\/uploads\/2012\/04\/ARNALDO-EM-BANDEIRA-1.jpg 640w\" sizes=\"(max-width: 500px) 100vw, 500px\" \/><\/a><\/p>\n<p>O PR \u2013 Partido da Rep\u00fablica realizou na noite desta quinta-feira (19) um encontro do Distrito de Bandeira do Col\u00f4nia, \u00a0idealizado pelos pr\u00e9-candidatos a vereador pelo PR, \u00a0Ant\u00f4nio do Hospital (Bandeira) e Reginaldo do Detran (Itapetinga).<\/p>\n<p style=\"text-align: center;\"><a href=\"http:\/\/www.sudoestehoje.com.br\/novoportal\/wp-content\/uploads\/2012\/04\/ARNALDO-BANDEIRA-2.jpg\"><img decoding=\"async\" class=\"aligncenter  wp-image-14856\" title=\"ARNALDO BANDEIRA 2\" src=\"http:\/\/www.sudoestehoje.com.br\/novoportal\/wp-content\/uploads\/2012\/04\/ARNALDO-BANDEIRA-2-500x375.jpg\" alt=\"\" width=\"400\" srcset=\"https:\/\/www.sudoestehoje.com.br\/novoportal\/wp-content\/uploads\/2012\/04\/ARNALDO-BANDEIRA-2-500x375.jpg 500w, https:\/\/www.sudoestehoje.com.br\/novoportal\/wp-content\/uploads\/2012\/04\/ARNALDO-BANDEIRA-2.jpg 640w\" sizes=\"(max-width: 500px) 100vw, 500px\" \/><\/a><\/p>\n<p>O que chamou a aten\u00e7\u00e3o nesse encontro foi \u00e0 presen\u00e7a maci\u00e7a nos moradores do distrito de Bandeira. O local onde se realizou o encontro n\u00e3o coube todos os presentes, tanto que muitos ficaram do lado de fora, para ouvir o pr\u00e9-candidato Arnaldo Teixeira.<\/p>\n<p style=\"text-align: center;\"><a href=\"http:\/\/www.sudoestehoje.com.br\/novoportal\/wp-content\/uploads\/2012\/04\/ARNALDO-BANDEIRA-3.jpg\"><img decoding=\"async\" class=\"aligncenter  wp-image-14857\" title=\"ARNALDO BANDEIRA 3\" src=\"http:\/\/www.sudoestehoje.com.br\/novoportal\/wp-content\/uploads\/2012\/04\/ARNALDO-BANDEIRA-3-500x333.jpg\" alt=\"\" width=\"400\" srcset=\"https:\/\/www.sudoestehoje.com.br\/novoportal\/wp-content\/uploads\/2012\/04\/ARNALDO-BANDEIRA-3-500x333.jpg 500w, https:\/\/www.sudoestehoje.com.br\/novoportal\/wp-content\/uploads\/2012\/04\/ARNALDO-BANDEIRA-3.jpg 640w\" sizes=\"(max-width: 500px) 100vw, 500px\" \/><\/a><\/p>\n<p>Todos os presentes expressaram o seu apoio \u00e0 pr\u00e9-candidatura do Dr. Arnaldo Teixeira, que falou dos seus projetos para aquele distrito e ouviu as reclama\u00e7\u00f5es dos populares, sobre a situa\u00e7\u00e3o de abandono em que se encontro o distrito.<\/p>\n<p><strong><em>Ascom PR<\/em><\/strong><\/p>\n<\/div>\n<\/div>\n","protected":false},"excerpt":{"rendered":"<p>O PR \u2013 Partido da Rep\u00fablica realizou na noite desta quinta-feira (19) um encontro do Distrito de Bandeira do Col\u00f4nia, \u00a0idealizado pelos pr\u00e9-candidatos a vereador pelo PR, \u00a0Ant\u00f4nio do Hospital (Bandeira) e Reginaldo do Detran (Itapetinga). O que chamou a aten\u00e7\u00e3o nesse encontro foi \u00e0 presen\u00e7a maci\u00e7a nos moradores do distrito de Bandeira. O local [&hellip;]<\/p>\n","protected":false},"author":2,"featured_media":0,"comment_status":"open","ping_status":"open","sticky":false,"template":"","format":"standard","meta":{"footnotes":"","_links_to":"","_links_to_target":""},"categories":[1],"tags":[],"class_list":["post-14850","post","type-post","status-publish","format-standard","hentry","category-geral"],"views":1733,"_links":{"self":[{"href":"https:\/\/www.sudoestehoje.com.br\/novoportal\/wp-json\/wp\/v2\/posts\/14850","targetHints":{"allow":["GET"]}}],"collection":[{"href":"https:\/\/www.sudoestehoje.com.br\/novoportal\/wp-json\/wp\/v2\/posts"}],"about":[{"href":"https:\/\/www.sudoestehoje.com.br\/novoportal\/wp-json\/wp\/v2\/types\/post"}],"author":[{"embeddable":true,"href":"https:\/\/www.sudoestehoje.com.br\/novoportal\/wp-json\/wp\/v2\/users\/2"}],"replies":[{"embeddable":true,"href":"https:\/\/www.sudoestehoje.com.br\/novoportal\/wp-json\/wp\/v2\/comments?post=14850"}],"version-history":[{"count":5,"href":"https:\/\/www.sudoestehoje.com.br\/novoportal\/wp-json\/wp\/v2\/posts\/14850\/revisions"}],"predecessor-version":[{"id":14855,"href":"https:\/\/www.sudoestehoje.com.br\/novoportal\/wp-json\/wp\/v2\/posts\/14850\/revisions\/14855"}],"wp:attachment":[{"href":"https:\/\/www.sudoestehoje.com.br\/novoportal\/wp-json\/wp\/v2\/media?parent=14850"}],"wp:term":[{"taxonomy":"category","embeddable":true,"href":"https:\/\/www.sudoestehoje.com.br\/novoportal\/wp-json\/wp\/v2\/categories?post=14850"},{"taxonomy":"post_tag","embeddable":true,"href":"https:\/\/www.sudoestehoje.com.br\/novoportal\/wp-json\/wp\/v2\/tags?post=14850"}],"curies":[{"name":"wp","href":"https:\/\/api.w.org\/{rel}","templated":true}]}}