
{"id":14845,"date":"2012-04-20T12:21:33","date_gmt":"2012-04-20T15:21:33","guid":{"rendered":"http:\/\/www.sudoestehoje.com.br\/novoportal\/?p=14845"},"modified":"2012-04-20T12:28:28","modified_gmt":"2012-04-20T15:28:28","slug":"a-bronca-de-rosemberg","status":"publish","type":"post","link":"https:\/\/www.sudoestehoje.com.br\/novoportal\/2012\/04\/20\/a-bronca-de-rosemberg\/","title":{"rendered":"A BRONCA DE ROSEMBERG"},"content":{"rendered":"<p><img decoding=\"async\" class=\"aligncenter\" src=\"http:\/\/t1.gstatic.com\/images?q=tbn:ANd9GcQclG6dyOCzzI9fR1xbgLKtuRSX6xlFZbUU3GgmHb1NPbfswT3Q\" alt=\"\" width=\"150\" \/><\/p>\n<p>Durante a sua entrevista, por telefone, no programa de Amaral, Rosemberg n\u00e3o conseguiu esconder que est\u00e1 chateado com a sua antiga turma do PT. Recomendou que os velhos companheiros baixassem a guarda e decretou um verdadeiro &#8216;voto de sil\u00eancio&#8217; em rela\u00e7\u00e3o \u00e0 imprensa. Daqui pr\u00e1 frente ningu\u00e9m pode declarar mais nada sobre o racha no partido. Ser\u00e1 que Miraldo e seu grupo v\u00e3o cumprir a ordem do chefinho? Tenho l\u00e1 as minhas d\u00favidas&#8230;<\/p>\n<p>CALA A BOCA, JO\u00c3O MONTE!<\/p>\n<p>Quem tomou um pito bem tomado de Rosemberg, foi Jo\u00e3o Monte, que falou pelos cotovelos no programa de Amaral, dizendo, inclusive, que se o candidato do PT n\u00e3o fosse Z\u00e9 Carlos, ele e sua turma apoiariam a candidatura de Dr. Arnaldo, pr\u00e9-candidato do PR. Rosemberg ficou &#8216;retado&#8217; com Jo\u00e3o Monte e o &#8216;finado&#8217; Valdeir, que chamaram o seu partido de &#8216;Pet\u00eazinho&#8217;, nas suas entrevistas no r\u00e1dio. Bem pregado&#8230;<\/p>\n<p>VOLTA PR\u00c1 CASA, ISRAEL!<\/p>\n<p>Outro recado bem dado pelo deputado petista foi mandar o consultor Israel Miranda, um verdadeiro &#8216;c\u00e3o chupando manga&#8217;, de volta para casa. Pode at\u00e9 ser que Israel saia mesmo de cena, para enganar a torcida, mas j\u00e1 est\u00e1 tudo certo que ele continua dando as cartas, na moita, como \u00e9 do seu feitio. Pelo visto, faz que sai, mas n\u00e3o sai. Afinal de contas, quem ir\u00e1 &#8216;aprovar&#8217; as complicadas contas de Z\u00e9 Carlos no TCM sen\u00e3o o conhecido &#8216;homem da mala&#8217;?<\/p>\n<p>&nbsp;<\/p>\n","protected":false},"excerpt":{"rendered":"<p>Durante a sua entrevista, por telefone, no programa de Amaral, Rosemberg n\u00e3o conseguiu esconder que est\u00e1 chateado com a sua antiga turma do PT. Recomendou que os velhos companheiros baixassem a guarda e decretou um verdadeiro &#8216;voto de sil\u00eancio&#8217; em rela\u00e7\u00e3o \u00e0 imprensa. Daqui pr\u00e1 frente ningu\u00e9m pode declarar mais nada sobre o racha no [&hellip;]<\/p>\n","protected":false},"author":2,"featured_media":0,"comment_status":"open","ping_status":"open","sticky":false,"template":"","format":"standard","meta":{"footnotes":"","_links_to":"","_links_to_target":""},"categories":[11],"tags":[],"class_list":["post-14845","post","type-post","status-publish","format-standard","hentry","category-quentinhas"],"views":1441,"_links":{"self":[{"href":"https:\/\/www.sudoestehoje.com.br\/novoportal\/wp-json\/wp\/v2\/posts\/14845","targetHints":{"allow":["GET"]}}],"collection":[{"href":"https:\/\/www.sudoestehoje.com.br\/novoportal\/wp-json\/wp\/v2\/posts"}],"about":[{"href":"https:\/\/www.sudoestehoje.com.br\/novoportal\/wp-json\/wp\/v2\/types\/post"}],"author":[{"embeddable":true,"href":"https:\/\/www.sudoestehoje.com.br\/novoportal\/wp-json\/wp\/v2\/users\/2"}],"replies":[{"embeddable":true,"href":"https:\/\/www.sudoestehoje.com.br\/novoportal\/wp-json\/wp\/v2\/comments?post=14845"}],"version-history":[{"count":4,"href":"https:\/\/www.sudoestehoje.com.br\/novoportal\/wp-json\/wp\/v2\/posts\/14845\/revisions"}],"predecessor-version":[{"id":14849,"href":"https:\/\/www.sudoestehoje.com.br\/novoportal\/wp-json\/wp\/v2\/posts\/14845\/revisions\/14849"}],"wp:attachment":[{"href":"https:\/\/www.sudoestehoje.com.br\/novoportal\/wp-json\/wp\/v2\/media?parent=14845"}],"wp:term":[{"taxonomy":"category","embeddable":true,"href":"https:\/\/www.sudoestehoje.com.br\/novoportal\/wp-json\/wp\/v2\/categories?post=14845"},{"taxonomy":"post_tag","embeddable":true,"href":"https:\/\/www.sudoestehoje.com.br\/novoportal\/wp-json\/wp\/v2\/tags?post=14845"}],"curies":[{"name":"wp","href":"https:\/\/api.w.org\/{rel}","templated":true}]}}