
{"id":14814,"date":"2012-04-20T00:02:14","date_gmt":"2012-04-20T03:02:14","guid":{"rendered":"http:\/\/www.sudoestehoje.com.br\/novoportal\/?p=14814"},"modified":"2012-04-20T00:09:08","modified_gmt":"2012-04-20T03:09:08","slug":"macarani-se-transforma-em-um-canteiro-de-obras","status":"publish","type":"post","link":"https:\/\/www.sudoestehoje.com.br\/novoportal\/2012\/04\/20\/macarani-se-transforma-em-um-canteiro-de-obras\/","title":{"rendered":"MACARANI SE TRANSFORMA EM UM CANTEIRO DE OBRAS"},"content":{"rendered":"<p><img decoding=\"async\" class=\"aligncenter\" src=\"http:\/\/www.macaraninews.com.br\/wp-content\/uploads\/2012\/04\/SDC10699-Medium-300x225.jpg\" alt=\"\" width=\"400\" \/><\/p>\n<p style=\"text-align: center;\"><em>Inicio da constru\u00e7\u00e3o da Academia de Sa\u00fade<\/em><\/p>\n<p>&nbsp;<\/p>\n<p><strong><em>Do Macarani News<\/em><\/strong><\/p>\n<p>&nbsp;<\/p>\n<p>MACARANI: Come\u00e7a a constru\u00e7\u00e3o da Academia de Sa\u00fade, a obra deve ser conclu\u00edda dentro de 120 dias e esta sendo execultada \u00e0 margem esquerda da BA 130, sentido Itapetinga.<\/p>\n<p>O Programa Academia da Sa\u00fade, criado pela Portaria n\u00ba 719, de 07 de abril de 2011, tem como principal objetivo contribuir para a promo\u00e7\u00e3o da sa\u00fade da popula\u00e7\u00e3o a partir da implanta\u00e7\u00e3o de polos com infraestrutura, equipamentos e quadro de pessoal qualificado para a orienta\u00e7\u00e3o de pr\u00e1ticas corporais e atividade f\u00edsica e de lazer e modos de vida saud\u00e1veis.<\/p>\n<p>Os polos do Programa Academia da Sa\u00fade s\u00e3o espa\u00e7os p\u00fablicos constru\u00eddos para o desenvolvimento de atividades como orienta\u00e7\u00e3o para a pr\u00e1tica de atividade f\u00edsica; promo\u00e7\u00e3o de atividades de seguran\u00e7a alimentar e nutricional e de educa\u00e7\u00e3o alimentar; pr\u00e1ticas art\u00edsticas (teatro, m\u00fasica, pintura e artesanato) e organiza\u00e7\u00e3o do planejamento das a\u00e7\u00f5es do Programa em conjunto com a equipe de APS e usu\u00e1rios.<\/p>\n<p>As atividades ser\u00e3o desenvolvidas por profissionais de sa\u00fade da aten\u00e7\u00e3o prim\u00e1ria em sa\u00fade, especialmente dos N\u00facleos de Sa\u00fade da Fam\u00edlia (NASF), podendo ser agregados profissionais de outras \u00e1reas do setor p\u00fablico.<\/p>\n<p><strong>Objetivos do Projeto Academia da Sa\u00fade:<!--more--><\/strong><\/p>\n<p>I \u2013 ampliar o acesso da popula\u00e7\u00e3o \u00e0s pol\u00edticas p\u00fablicas de promo\u00e7\u00e3o da sa\u00fade;<\/p>\n<p>II \u2013 fortalecer a promo\u00e7\u00e3o da sa\u00fade como estrat\u00e9gia de produ\u00e7\u00e3o de sa\u00fade;<\/p>\n<p>III \u2013 potencializar as a\u00e7\u00f5es nos \u00e2mbitos da Aten\u00e7\u00e3o Prim\u00e1ria em Sa\u00fade (APS), da Vigil\u00e2ncia em Sa\u00fade (VS) e da Promo\u00e7\u00e3o da Sa\u00fade (PS);<\/p>\n<p>IV \u2013 promover a integra\u00e7\u00e3o multiprofissional na constru\u00e7\u00e3o e execu\u00e7\u00e3o das a\u00e7\u00f5es;<\/p>\n<p>V \u2013 promover a converg\u00eancia de projetos ou programas nos \u00e2mbitos da sa\u00fade, educa\u00e7\u00e3o, cultura, assist\u00eancia social, esporte e lazer;<\/p>\n<p>VI \u2013 ampliar a autonomia dos indiv\u00edduos sobre as escolhas de modos de vida mais saud\u00e1veis;<\/p>\n<p>VII- aumentar o n\u00edvel de atividade f\u00edsica da popula\u00e7\u00e3o;<\/p>\n<p>VIII \u2013 estimular h\u00e1bitos alimentares saud\u00e1veis;<\/p>\n<p>IX \u2013 promover mobiliza\u00e7\u00e3o comunit\u00e1ria com a constitui\u00e7\u00e3o de redes sociais de apoio e ambientes de conviv\u00eancia e solidariedade;<\/p>\n<p>X \u2013 potencializar as manifesta\u00e7\u00f5es culturais locais e o conhecimento popular na constru\u00e7\u00e3o de alternativas individuais e coletivas que favore\u00e7am a promo\u00e7\u00e3o da sa\u00fade; e<\/p>\n<p>XI \u2013 contribuir para amplia\u00e7\u00e3o e valoriza\u00e7\u00e3o da utiliza\u00e7\u00e3o dos espa\u00e7os p\u00fablicos de lazer, como proposta de inclus\u00e3o social,<\/p>\n<p>enfrentamento das viol\u00eancias e melhoria das condi\u00e7\u00f5es de sa\u00fade e qualidade de vida da popula\u00e7\u00e3o.<\/p>\n","protected":false},"excerpt":{"rendered":"<p>Inicio da constru\u00e7\u00e3o da Academia de Sa\u00fade &nbsp; Do Macarani News &nbsp; MACARANI: Come\u00e7a a constru\u00e7\u00e3o da Academia de Sa\u00fade, a obra deve ser conclu\u00edda dentro de 120 dias e esta sendo execultada \u00e0 margem esquerda da BA 130, sentido Itapetinga. O Programa Academia da Sa\u00fade, criado pela Portaria n\u00ba 719, de 07 de abril [&hellip;]<\/p>\n","protected":false},"author":2,"featured_media":0,"comment_status":"open","ping_status":"open","sticky":false,"template":"","format":"standard","meta":{"footnotes":"","_links_to":"","_links_to_target":""},"categories":[1],"tags":[],"class_list":["post-14814","post","type-post","status-publish","format-standard","hentry","category-geral"],"views":1397,"_links":{"self":[{"href":"https:\/\/www.sudoestehoje.com.br\/novoportal\/wp-json\/wp\/v2\/posts\/14814","targetHints":{"allow":["GET"]}}],"collection":[{"href":"https:\/\/www.sudoestehoje.com.br\/novoportal\/wp-json\/wp\/v2\/posts"}],"about":[{"href":"https:\/\/www.sudoestehoje.com.br\/novoportal\/wp-json\/wp\/v2\/types\/post"}],"author":[{"embeddable":true,"href":"https:\/\/www.sudoestehoje.com.br\/novoportal\/wp-json\/wp\/v2\/users\/2"}],"replies":[{"embeddable":true,"href":"https:\/\/www.sudoestehoje.com.br\/novoportal\/wp-json\/wp\/v2\/comments?post=14814"}],"version-history":[{"count":4,"href":"https:\/\/www.sudoestehoje.com.br\/novoportal\/wp-json\/wp\/v2\/posts\/14814\/revisions"}],"predecessor-version":[{"id":14817,"href":"https:\/\/www.sudoestehoje.com.br\/novoportal\/wp-json\/wp\/v2\/posts\/14814\/revisions\/14817"}],"wp:attachment":[{"href":"https:\/\/www.sudoestehoje.com.br\/novoportal\/wp-json\/wp\/v2\/media?parent=14814"}],"wp:term":[{"taxonomy":"category","embeddable":true,"href":"https:\/\/www.sudoestehoje.com.br\/novoportal\/wp-json\/wp\/v2\/categories?post=14814"},{"taxonomy":"post_tag","embeddable":true,"href":"https:\/\/www.sudoestehoje.com.br\/novoportal\/wp-json\/wp\/v2\/tags?post=14814"}],"curies":[{"name":"wp","href":"https:\/\/api.w.org\/{rel}","templated":true}]}}