
{"id":14798,"date":"2012-04-19T20:21:19","date_gmt":"2012-04-19T23:21:19","guid":{"rendered":"http:\/\/www.sudoestehoje.com.br\/novoportal\/?p=14798"},"modified":"2012-04-19T20:27:23","modified_gmt":"2012-04-19T23:27:23","slug":"deputado-rosemberg-fala-no-programa-de-amaral-pensando-estar-no-programa-de-edilson-lima","status":"publish","type":"post","link":"https:\/\/www.sudoestehoje.com.br\/novoportal\/2012\/04\/19\/deputado-rosemberg-fala-no-programa-de-amaral-pensando-estar-no-programa-de-edilson-lima\/","title":{"rendered":"DEPUTADO ROSEMBERG FALA NO PROGRAMA DE AMARAL PENSANDO  ESTAR NO PROGRAMA DE EDILSON LIMA"},"content":{"rendered":"<div id=\"attachment_14800\" style=\"width: 360px\" class=\"wp-caption aligncenter\"><a href=\"http:\/\/www.sudoestehoje.com.br\/novoportal\/wp-content\/uploads\/2012\/04\/imagesd-horz3.jpg\"><img decoding=\"async\" aria-describedby=\"caption-attachment-14800\" class=\" wp-image-14800 \" title=\"imagesd-horz\" src=\"http:\/\/www.sudoestehoje.com.br\/novoportal\/wp-content\/uploads\/2012\/04\/imagesd-horz3.jpg\" alt=\"\" width=\"350\" \/><\/a><p id=\"caption-attachment-14800\" class=\"wp-caption-text\">Davi Ferraz, editor do Sudoeste Hoje<\/p><\/div>\n<p>&nbsp;<\/p>\n<p>ITAPETINGA: Os atrapalhados assessores do prefeito Jos\u00e9 Carlos Moura brindaram os itapetinguenses, na manh\u00e3 de hoje, com mais uma de suas p\u00e9rolas de &#8220;compet\u00eancia e organiza\u00e7\u00e3o&#8221;. Agendaram uma entrevista com o deputado do PT Rosemberg Pinto, no programa de Amaral, para tentar desatar o n\u00f3 em que se meteu o partido em Itapetinga, com a insurg\u00eancia da maioria dos militantes em torno do nome de Miraldo Mota. S\u00f3 que n\u00e3o disseram ao deputado o nome do radialista que iria entrevist\u00e1-lo.<\/p>\n<p>A aguardada entrevista, anunciada amplamente como demonstra\u00e7\u00e3o de prest\u00edgio do programa de Amaral junto ao grupo do prefeito, come\u00e7ou hilariamente com o seguinte di\u00e1logo:<\/p>\n<p>&#8211; Bom dia a todos os ouvintes, esse programa \u00e9 do Edilson Lima?<\/p>\n<p>&#8211; N\u00e3o deputado, quem est\u00e1 falando \u00e9 o Amaral J\u00fanior.<\/p>\n<p>&#8211; Ah desculpe, \u00e9 que eu gosto muito do Edilson tamb\u00e9m.<\/p>\n<p>&#8211; A assessoria da prefeitura passou a informa\u00e7\u00e3o errada para o senhor&#8230;<\/p>\n<p>H\u00e1, h\u00e1, h\u00e1&#8230;. estamos rindo at\u00e9 agora. \u00c9 muita incompet\u00eancia ou ser\u00e1 que est\u00e3o querendo fritar o Amaral pela sua proximidade com Uldurico Pinto?<\/p>\n<p>Passado o constrangimento inicial, o deputado fez o que estava combinado. Passou a enaltecer a &#8220;compet\u00eancia&#8221; do prefeito e tentar diminuir a import\u00e2ncia do seu pr\u00f3prio partido no processo de escolha do candidato a prefeito, que por sua vez a cada dia se compromete mais com os aliados de outros partidos, figurinhas conhecidas pela popula\u00e7\u00e3o e que dispensam coment\u00e1rios.<\/p>\n<p>Mas o deputado, esperto como \u00e9, n\u00e3o fechou todas as portas ao seu partido e afirmou categoricamente que a decis\u00e3o ser\u00e1 tomada a partir de uma pesquisa de opini\u00e3o p\u00fablica com &#8220;qualquer instituto apontado pelo partido, para n\u00e3o ficar d\u00favida sobre a idoneidade da mesma&#8221;. Sendo assim, Miraldo j\u00e1 pode comemorar a indica\u00e7\u00e3o.<\/p>\n<p>Outra informa\u00e7\u00e3o bomb\u00e1stica dada pelo deputado foi que parte do PT em Itapetinga tamb\u00e9m cogitou apoiar a candidatura de Arnaldo Teixeira do PR, ao inv\u00e9s\u00a0 de Jos\u00e9 Carlos Moura, fato que ele descartou totalmente. Alguns analistas consultados acham muito estranho essas seguidas declara\u00e7\u00f5es, pois ontem Jo\u00e3o &#8220;Piab\u00e3o&#8221; Monte tamb\u00e9m afirmou que n\u00e3o sendo Z\u00e9 Carlos ele ficar\u00e1 com Arnaldo.<\/p>\n<p>Ao final, Rosemberg disse que apesar de ter sido solicitado em reuni\u00e3o do PT em Itapetinga, ele n\u00e3o pediu ao prefeito que exonere Zen\u00f3bio, Israel e Franklin e que limitou-se a orientar ao prefeito que assessor n\u00e3o \u00e9 para falar em nome da prefeitura e sim para assessorar internamente.<\/p>\n<p>Depois de quase uma hora de entrevista, o que se pode tirar de concreto \u00e9 que o racha no PT e falta de moral do prefeito \u00e9 pior do que imaginamos e que o deputado, de ontem para hoje, perdeu mais um caminh\u00e3o de votos na nossa cidade.<\/p>\n<p>Vamos aguardar os pr\u00f3ximos acontecimentos hilariantes &#8230;<\/p>\n<p><strong><em>Da Reda\u00e7\u00e3o<\/em><\/strong><\/p>\n","protected":false},"excerpt":{"rendered":"<p>&nbsp; ITAPETINGA: Os atrapalhados assessores do prefeito Jos\u00e9 Carlos Moura brindaram os itapetinguenses, na manh\u00e3 de hoje, com mais uma de suas p\u00e9rolas de &#8220;compet\u00eancia e organiza\u00e7\u00e3o&#8221;. Agendaram uma entrevista com o deputado do PT Rosemberg Pinto, no programa de Amaral, para tentar desatar o n\u00f3 em que se meteu o partido em Itapetinga, com [&hellip;]<\/p>\n","protected":false},"author":2,"featured_media":0,"comment_status":"open","ping_status":"open","sticky":false,"template":"","format":"standard","meta":{"footnotes":"","_links_to":"","_links_to_target":""},"categories":[1],"tags":[],"class_list":["post-14798","post","type-post","status-publish","format-standard","hentry","category-geral"],"views":1434,"_links":{"self":[{"href":"https:\/\/www.sudoestehoje.com.br\/novoportal\/wp-json\/wp\/v2\/posts\/14798","targetHints":{"allow":["GET"]}}],"collection":[{"href":"https:\/\/www.sudoestehoje.com.br\/novoportal\/wp-json\/wp\/v2\/posts"}],"about":[{"href":"https:\/\/www.sudoestehoje.com.br\/novoportal\/wp-json\/wp\/v2\/types\/post"}],"author":[{"embeddable":true,"href":"https:\/\/www.sudoestehoje.com.br\/novoportal\/wp-json\/wp\/v2\/users\/2"}],"replies":[{"embeddable":true,"href":"https:\/\/www.sudoestehoje.com.br\/novoportal\/wp-json\/wp\/v2\/comments?post=14798"}],"version-history":[{"count":5,"href":"https:\/\/www.sudoestehoje.com.br\/novoportal\/wp-json\/wp\/v2\/posts\/14798\/revisions"}],"predecessor-version":[{"id":14803,"href":"https:\/\/www.sudoestehoje.com.br\/novoportal\/wp-json\/wp\/v2\/posts\/14798\/revisions\/14803"}],"wp:attachment":[{"href":"https:\/\/www.sudoestehoje.com.br\/novoportal\/wp-json\/wp\/v2\/media?parent=14798"}],"wp:term":[{"taxonomy":"category","embeddable":true,"href":"https:\/\/www.sudoestehoje.com.br\/novoportal\/wp-json\/wp\/v2\/categories?post=14798"},{"taxonomy":"post_tag","embeddable":true,"href":"https:\/\/www.sudoestehoje.com.br\/novoportal\/wp-json\/wp\/v2\/tags?post=14798"}],"curies":[{"name":"wp","href":"https:\/\/api.w.org\/{rel}","templated":true}]}}