
{"id":14753,"date":"2012-04-18T20:26:48","date_gmt":"2012-04-18T23:26:48","guid":{"rendered":"http:\/\/www.sudoestehoje.com.br\/novoportal\/?p=14753"},"modified":"2012-04-18T20:29:57","modified_gmt":"2012-04-18T23:29:57","slug":"quem-tem-o-voto","status":"publish","type":"post","link":"https:\/\/www.sudoestehoje.com.br\/novoportal\/2012\/04\/18\/quem-tem-o-voto\/","title":{"rendered":"QUEM TEM O VOTO?"},"content":{"rendered":"<p><img decoding=\"async\" class=\"aligncenter\" src=\"http:\/\/4.bp.blogspot.com\/-O-nIoYFMr30\/TyCrMqHQuGI\/AAAAAAAABSc\/hREL8ZWtSb4\/s1600\/opiniao.jpg\" alt=\"\" width=\"400\" \/><\/p>\n<p>&nbsp;<\/p>\n<p>Veja este coment\u00e1rio do leitor que se auto-denomina &#8220;O Mensageiro&#8221;.<\/p>\n<p><em>&#8220;Olha s\u00f3\u2026<\/em><br \/>\n<em>Desde a \u00e9poca de campanha que eu j\u00e1 avisava sobre uma turma que existe dentro do PT. \u00c9 um pessoal cheio de teorias conspirat\u00f3rias e que se acham a palmat\u00f3ria do mundo. Pois bem, Marcos Gabrielli \u00e9 um destes. Eu me lembro que ele teve coragem de criar fato pol\u00edtico envolvendo membros da coordena\u00e7\u00e3o da campanha, para que assim parecesse de confian\u00e7a e solucionador de problemas, articulador\u2026 Tudo mentira! Pelas costas do boboca JCM, ent\u00e3o candidato, como \u00e9 o modus operandi da turma do Marc\u00e3o, ele se reunia com mais alguns coleguinhas e discutia os rumos da campanha, falava mal, depreciava, criticava\u2026 Por\u00e9m, quando em reuni\u00e3o, se integrava, e ningu\u00e9m poderia nem por 1 segundo imaginar o que o cabra andava fazendo, tamanha a falsidade e capacidade c\u00eanica do Marc\u00e3o. Por outro lado, Jo\u00e3o Monte afirmar que JCM \u00e9 quem tem voto, s\u00f3 pode estar de brincadeira\u2026 Pegou pesado! Jo\u00e3o, n\u00f3s fizemos uma uni\u00e3o que envolveu membros das 2 correntes pol\u00edtico-partid\u00e1rias mais importantes de Itapetinga: PMDB e DEM. Os principais arrimos de campanha de ambos os lados estavam conosco no \u201cTrenzinho da Mudan\u00e7a\u201d. Ou seja, havia um poder de mobiliza\u00e7\u00e3o extraordin\u00e1rio, levando-se em considera\u00e7\u00e3o a linha adotada que foi: FOR\u00c7A NOS MOVIMENTOS \u2013 FESTA \u2013 CAMISA \u2013 EMPOLGA\u00c7\u00c3O, atraindo o jovem usando a maldita promessa da micareta que Michel n\u00e3o cumpriu. Plano de Governo? Nenhum! Projeto? Nenhum! Ganhamos o voto usando a esperan\u00e7a do povo por dias melhores e o desgaste que Michel vinha sofrendo. JCM? Ele n\u00e3o tem voto n\u00e3o, meu caro Jo\u00e3o Monte. N\u00f3s e outro \u201crebanho de besta\u201d \u00e9 que t\u00ednhamos esses votos. Hoje, a m\u00e1quina deve garantir a ele alguns votos, mas tire a m\u00e1quina e deixe JCM, Zen\u00f3bio, Israel, Franklin, Cida e Cia ir buscar voto\u2026 Pelo amor de Deus!!! Tem coisa que s\u00f3 n\u00e3o v\u00ea, quem n\u00e3o quer\u2026 No caso de Jo\u00e3o Monte, devemos at\u00e9 relevar, afinal todos sabemos o porqu\u00ea dessa paix\u00e3o repentina por JCM, n\u00e9?&#8221;<\/em><\/p>\n","protected":false},"excerpt":{"rendered":"<p>&nbsp; Veja este coment\u00e1rio do leitor que se auto-denomina &#8220;O Mensageiro&#8221;. &#8220;Olha s\u00f3\u2026 Desde a \u00e9poca de campanha que eu j\u00e1 avisava sobre uma turma que existe dentro do PT. \u00c9 um pessoal cheio de teorias conspirat\u00f3rias e que se acham a palmat\u00f3ria do mundo. Pois bem, Marcos Gabrielli \u00e9 um destes. Eu me lembro [&hellip;]<\/p>\n","protected":false},"author":2,"featured_media":0,"comment_status":"open","ping_status":"open","sticky":false,"template":"","format":"standard","meta":{"footnotes":"","_links_to":"","_links_to_target":""},"categories":[1],"tags":[],"class_list":["post-14753","post","type-post","status-publish","format-standard","hentry","category-geral"],"views":1600,"_links":{"self":[{"href":"https:\/\/www.sudoestehoje.com.br\/novoportal\/wp-json\/wp\/v2\/posts\/14753","targetHints":{"allow":["GET"]}}],"collection":[{"href":"https:\/\/www.sudoestehoje.com.br\/novoportal\/wp-json\/wp\/v2\/posts"}],"about":[{"href":"https:\/\/www.sudoestehoje.com.br\/novoportal\/wp-json\/wp\/v2\/types\/post"}],"author":[{"embeddable":true,"href":"https:\/\/www.sudoestehoje.com.br\/novoportal\/wp-json\/wp\/v2\/users\/2"}],"replies":[{"embeddable":true,"href":"https:\/\/www.sudoestehoje.com.br\/novoportal\/wp-json\/wp\/v2\/comments?post=14753"}],"version-history":[{"count":5,"href":"https:\/\/www.sudoestehoje.com.br\/novoportal\/wp-json\/wp\/v2\/posts\/14753\/revisions"}],"predecessor-version":[{"id":14757,"href":"https:\/\/www.sudoestehoje.com.br\/novoportal\/wp-json\/wp\/v2\/posts\/14753\/revisions\/14757"}],"wp:attachment":[{"href":"https:\/\/www.sudoestehoje.com.br\/novoportal\/wp-json\/wp\/v2\/media?parent=14753"}],"wp:term":[{"taxonomy":"category","embeddable":true,"href":"https:\/\/www.sudoestehoje.com.br\/novoportal\/wp-json\/wp\/v2\/categories?post=14753"},{"taxonomy":"post_tag","embeddable":true,"href":"https:\/\/www.sudoestehoje.com.br\/novoportal\/wp-json\/wp\/v2\/tags?post=14753"}],"curies":[{"name":"wp","href":"https:\/\/api.w.org\/{rel}","templated":true}]}}