
{"id":14712,"date":"2012-04-17T18:11:29","date_gmt":"2012-04-17T21:11:29","guid":{"rendered":"http:\/\/www.sudoestehoje.com.br\/novoportal\/?p=14712"},"modified":"2012-04-17T18:11:29","modified_gmt":"2012-04-17T21:11:29","slug":"e-proibido-cortar-ponto-de-servidor-publico-em-greve-diz-presidente-da-aplb","status":"publish","type":"post","link":"https:\/\/www.sudoestehoje.com.br\/novoportal\/2012\/04\/17\/e-proibido-cortar-ponto-de-servidor-publico-em-greve-diz-presidente-da-aplb\/","title":{"rendered":"&#8220;\u00c9 PROIBIDO CORTAR PONTO DE SERVIDOR P\u00daBLICO EM GREVE&#8221;, DIZ PRESIDENTE DA APLB"},"content":{"rendered":"<p><img decoding=\"async\" class=\"aligncenter\" src=\"http:\/\/www.bahianoticias.com.br\/fotos\/principal_noticias\/114658\/IMAGEM_NOTICIA_5.jpg\" alt=\"Greve dos professores: Sindicalista cita STF para contestar Estado: \u2018\u00c9 proibido cortar ponto de servidor p\u00fablico\u2019\" width=\"400\" \/><\/p>\n<p style=\"text-align: center;\"><em>Decis\u00e3o do STF pro\u00edbe corte de ponto, afirma Rui Oliveira (APLB)<\/em><\/p>\n<p>&nbsp;<\/p>\n<p>Embora a Procuradoria-Geral do Estado (PGE) tenha recomendado ao governo, nesta terca-feira (17),\u00a0<a href=\"http:\/\/www.bahianoticias.com.br\/principal\/noticia\/114643-estado-decide-cortar-ponto-dos-professores-grevistas.html\" target=\"_blank\">cortar o ponto dos professores estaduais<\/a>\u00a0ap\u00f3s o julgamento que decidiu que o movimento grevista \u00e9 ilegal, a categoria continuar\u00e1 paralisada. \u201cH\u00e1 uma decis\u00e3o do Supremo Tribunal Federal [STF] dizendo que \u00e9 proibido cortar ponto de servidor p\u00fablico em caso de greve\u201d, afirmou o presidente da APLB \u2013 sindicato que representa a categoria \u2013, Rui Oliveira, em entrevista ao Bahia Not\u00edcias. Segundo ele, a categoria, presente na sess\u00e3o da Assembleia Legislativa \u2013 que vota o pedido de urg\u00eancia-urgent\u00edssima do projeto de lei que reajusta o sal\u00e1rio da categoria conforme o piso nacional do magist\u00e9rio (mas o parcela em duas vezes, para descontentamento dos docentes) \u2013, n\u00e3o se intimidou com a amea\u00e7a. \u201cVamos continuar em greve, haja vota\u00e7\u00e3o ou n\u00e3o\u201d, garantiu. BN<\/p>\n","protected":false},"excerpt":{"rendered":"<p>Decis\u00e3o do STF pro\u00edbe corte de ponto, afirma Rui Oliveira (APLB) &nbsp; Embora a Procuradoria-Geral do Estado (PGE) tenha recomendado ao governo, nesta terca-feira (17),\u00a0cortar o ponto dos professores estaduais\u00a0ap\u00f3s o julgamento que decidiu que o movimento grevista \u00e9 ilegal, a categoria continuar\u00e1 paralisada. \u201cH\u00e1 uma decis\u00e3o do Supremo Tribunal Federal [STF] dizendo que \u00e9 [&hellip;]<\/p>\n","protected":false},"author":2,"featured_media":0,"comment_status":"open","ping_status":"open","sticky":false,"template":"","format":"standard","meta":{"footnotes":"","_links_to":"","_links_to_target":""},"categories":[1],"tags":[],"class_list":["post-14712","post","type-post","status-publish","format-standard","hentry","category-geral"],"views":1339,"_links":{"self":[{"href":"https:\/\/www.sudoestehoje.com.br\/novoportal\/wp-json\/wp\/v2\/posts\/14712","targetHints":{"allow":["GET"]}}],"collection":[{"href":"https:\/\/www.sudoestehoje.com.br\/novoportal\/wp-json\/wp\/v2\/posts"}],"about":[{"href":"https:\/\/www.sudoestehoje.com.br\/novoportal\/wp-json\/wp\/v2\/types\/post"}],"author":[{"embeddable":true,"href":"https:\/\/www.sudoestehoje.com.br\/novoportal\/wp-json\/wp\/v2\/users\/2"}],"replies":[{"embeddable":true,"href":"https:\/\/www.sudoestehoje.com.br\/novoportal\/wp-json\/wp\/v2\/comments?post=14712"}],"version-history":[{"count":3,"href":"https:\/\/www.sudoestehoje.com.br\/novoportal\/wp-json\/wp\/v2\/posts\/14712\/revisions"}],"predecessor-version":[{"id":14715,"href":"https:\/\/www.sudoestehoje.com.br\/novoportal\/wp-json\/wp\/v2\/posts\/14712\/revisions\/14715"}],"wp:attachment":[{"href":"https:\/\/www.sudoestehoje.com.br\/novoportal\/wp-json\/wp\/v2\/media?parent=14712"}],"wp:term":[{"taxonomy":"category","embeddable":true,"href":"https:\/\/www.sudoestehoje.com.br\/novoportal\/wp-json\/wp\/v2\/categories?post=14712"},{"taxonomy":"post_tag","embeddable":true,"href":"https:\/\/www.sudoestehoje.com.br\/novoportal\/wp-json\/wp\/v2\/tags?post=14712"}],"curies":[{"name":"wp","href":"https:\/\/api.w.org\/{rel}","templated":true}]}}