
{"id":14691,"date":"2012-04-17T18:35:19","date_gmt":"2012-04-17T21:35:19","guid":{"rendered":"http:\/\/www.sudoestehoje.com.br\/novoportal\/?p=14691"},"modified":"2012-04-17T18:35:44","modified_gmt":"2012-04-17T21:35:44","slug":"pai-flagrado-espancando-filha-pode-ser-preso","status":"publish","type":"post","link":"https:\/\/www.sudoestehoje.com.br\/novoportal\/2012\/04\/17\/pai-flagrado-espancando-filha-pode-ser-preso\/","title":{"rendered":"PAI FLAGRADO ESPANCANDO FILHA PODE SER PRESO"},"content":{"rendered":"<p>http:\/\/www.youtube.com\/watch?feature=player_embedded&#038;v=fZpm5PtpZsw<\/p>\n<p><strong>As imagens contidas no v\u00eddeo s\u00e3o fortes; v\u00eddeo foi entregue \u00e0 pol\u00edcia. Homem foi preso e a madrasta, apontada como suspeita, nega o crime.<\/strong><\/p>\n<p><img decoding=\"async\" src=\"http:\/\/www.blogdomarcelo.com.br\/v2\/wp-content\/uploads\/fonte_g1_2010.jpg\" alt=\"\" \/><\/p>\n<p>CAMPO GRANDE: O pai e a madrasta de uma crian\u00e7a de 9 anos foram indiciados por les\u00e3o corporal dolosa nessa segunda-feira (16), em Campo Grande, suspeitos de agredir a garota. Na \u00faltima sexta-feira (13), o homem foi filmado por um morador da regi\u00e3o enquanto batia na filha. Ele foi preso e a mulher, que responde ao crime em liberdade, negou praticar qualquer tipo de agress\u00e3o contra a enteada.\u00a0<strong>Assista o v\u00eddeo (cenas fortes)<\/strong><\/p>\n","protected":false},"excerpt":{"rendered":"<p>http:\/\/www.youtube.com\/watch?feature=player_embedded&#038;v=fZpm5PtpZsw As imagens contidas no v\u00eddeo s\u00e3o fortes; v\u00eddeo foi entregue \u00e0 pol\u00edcia. Homem foi preso e a madrasta, apontada como suspeita, nega o crime. CAMPO GRANDE: O pai e a madrasta de uma crian\u00e7a de 9 anos foram indiciados por les\u00e3o corporal dolosa nessa segunda-feira (16), em Campo Grande, suspeitos de agredir a garota. [&hellip;]<\/p>\n","protected":false},"author":2,"featured_media":0,"comment_status":"open","ping_status":"open","sticky":false,"template":"","format":"standard","meta":{"footnotes":"","_links_to":"","_links_to_target":""},"categories":[1],"tags":[],"class_list":["post-14691","post","type-post","status-publish","format-standard","hentry","category-geral"],"views":1380,"_links":{"self":[{"href":"https:\/\/www.sudoestehoje.com.br\/novoportal\/wp-json\/wp\/v2\/posts\/14691","targetHints":{"allow":["GET"]}}],"collection":[{"href":"https:\/\/www.sudoestehoje.com.br\/novoportal\/wp-json\/wp\/v2\/posts"}],"about":[{"href":"https:\/\/www.sudoestehoje.com.br\/novoportal\/wp-json\/wp\/v2\/types\/post"}],"author":[{"embeddable":true,"href":"https:\/\/www.sudoestehoje.com.br\/novoportal\/wp-json\/wp\/v2\/users\/2"}],"replies":[{"embeddable":true,"href":"https:\/\/www.sudoestehoje.com.br\/novoportal\/wp-json\/wp\/v2\/comments?post=14691"}],"version-history":[{"count":7,"href":"https:\/\/www.sudoestehoje.com.br\/novoportal\/wp-json\/wp\/v2\/posts\/14691\/revisions"}],"predecessor-version":[{"id":14697,"href":"https:\/\/www.sudoestehoje.com.br\/novoportal\/wp-json\/wp\/v2\/posts\/14691\/revisions\/14697"}],"wp:attachment":[{"href":"https:\/\/www.sudoestehoje.com.br\/novoportal\/wp-json\/wp\/v2\/media?parent=14691"}],"wp:term":[{"taxonomy":"category","embeddable":true,"href":"https:\/\/www.sudoestehoje.com.br\/novoportal\/wp-json\/wp\/v2\/categories?post=14691"},{"taxonomy":"post_tag","embeddable":true,"href":"https:\/\/www.sudoestehoje.com.br\/novoportal\/wp-json\/wp\/v2\/tags?post=14691"}],"curies":[{"name":"wp","href":"https:\/\/api.w.org\/{rel}","templated":true}]}}