
{"id":14666,"date":"2012-04-16T12:33:18","date_gmt":"2012-04-16T15:33:18","guid":{"rendered":"http:\/\/www.sudoestehoje.com.br\/novoportal\/?p=14666"},"modified":"2012-04-16T12:33:18","modified_gmt":"2012-04-16T15:33:18","slug":"itororo-irinho-locutor-deve-assumir-a-secretaria-de-comunicacao","status":"publish","type":"post","link":"https:\/\/www.sudoestehoje.com.br\/novoportal\/2012\/04\/16\/itororo-irinho-locutor-deve-assumir-a-secretaria-de-comunicacao\/","title":{"rendered":"ITOROR\u00d3: IRINHO LOCUTOR DEVE ASSUMIR A SECRETARIA DE COMUNICA\u00c7\u00c3O"},"content":{"rendered":"<p style=\"text-align: center;\"><a href=\"http:\/\/www.sudoestehoje.com.br\/novoportal\/wp-content\/uploads\/2012\/04\/LOCUTOR.jpg\"><img decoding=\"async\" class=\"aligncenter  wp-image-14667\" title=\"LOCUTOR\" src=\"http:\/\/www.sudoestehoje.com.br\/novoportal\/wp-content\/uploads\/2012\/04\/LOCUTOR-500x375.jpg\" alt=\"\" width=\"400\" srcset=\"https:\/\/www.sudoestehoje.com.br\/novoportal\/wp-content\/uploads\/2012\/04\/LOCUTOR-500x375.jpg 500w, https:\/\/www.sudoestehoje.com.br\/novoportal\/wp-content\/uploads\/2012\/04\/LOCUTOR.jpg 640w\" sizes=\"(max-width: 500px) 100vw, 500px\" \/><\/a><\/p>\n<p style=\"text-align: center;\"><em>Irinho locutor ao lado de Ronaldo Mendes<\/em><\/p>\n<p><em><strong>Por Milton Marinho<\/strong><\/em><\/p>\n<p>ITOROR\u00d3: H\u00e1 alguns dias em que espero a posse de Irinho Locutor para ocupar a vaga de Kleber Torres na Secretaria de Comunica\u00e7\u00e3o do munic\u00edpio. Com a ida de Ronaldo Mendes \u201cAdvers\u00e1rio hist\u00f3rico\u201d, para o governo (lembra?) pelo valor de R$ 80.000,00 (para uns, peso de ouro, para outros uma \u201cmerreca\u201d), o prefeito firmou acordo com o locutor Irinho de que o levaria a ocupar o cargo de secret\u00e1rio no lugar de Kleber Torres, que se ausentaria para disputar as elei\u00e7\u00f5es para vereador.\u00a0\u00a0Na \u00e9poca, Irinho foi \u00e0 r\u00e1dio Itapuy e concedeu entrevista, num dueto com Ronaldo Mendes parecendo dupla sertaneja. Me emocionei com a tr\u00e9gua entre os dois, cortaram dedinhos, trocaram selinhos e tudo mais.<\/p>\n<p>O tempo passou e eis que o secret\u00e1rio foia afastado para cuidar de sua campanha e at\u00e9 o momento Irinho ainda n\u00e3o foi chamado para ocupar a pasta. Fa\u00e7o gosto nessa ocupa\u00e7\u00e3o porque Irinho \u00e9 merecedor do cargo h\u00e1 muito tempo. Fui eu quem o levou para o PT, na \u00e9poca em que o deputado Rosemberg se candidatou a deputado pela primeira vez. Era setembro de 2002.<\/p>\n<p>Aguardo ansioso por esse momento. Afinal, \u00e9 um dinheirinho a mais para quem fez muito pelo partido, ao contr\u00e1rio de quem nada fez e suga a prefeitura (s\u00e3o muitos). S\u00e3o tantos os novos petistas hoje, que os confundo com aqueles que fundaram o partido em 1990. Acho at\u00e9 que estes s\u00e3o mais leg\u00edtimos que aqueles. Mas \u00e0s v\u00e9speras da elei\u00e7\u00e3o, \u00e9 mais do que justo que um governo injusto (mesmo que submetido \u00e0 press\u00e3o), comece a pedir clem\u00eancia aos seus injusti\u00e7ados e ajuste suas vidas, mesmo que temporariamente, como no caso de Irinho, trabalhador e aliado.<\/p>\n","protected":false},"excerpt":{"rendered":"<p>Irinho locutor ao lado de Ronaldo Mendes Por Milton Marinho ITOROR\u00d3: H\u00e1 alguns dias em que espero a posse de Irinho Locutor para ocupar a vaga de Kleber Torres na Secretaria de Comunica\u00e7\u00e3o do munic\u00edpio. Com a ida de Ronaldo Mendes \u201cAdvers\u00e1rio hist\u00f3rico\u201d, para o governo (lembra?) pelo valor de R$ 80.000,00 (para uns, peso [&hellip;]<\/p>\n","protected":false},"author":2,"featured_media":0,"comment_status":"open","ping_status":"open","sticky":false,"template":"","format":"standard","meta":{"footnotes":"","_links_to":"","_links_to_target":""},"categories":[1],"tags":[],"class_list":["post-14666","post","type-post","status-publish","format-standard","hentry","category-geral"],"views":1557,"_links":{"self":[{"href":"https:\/\/www.sudoestehoje.com.br\/novoportal\/wp-json\/wp\/v2\/posts\/14666","targetHints":{"allow":["GET"]}}],"collection":[{"href":"https:\/\/www.sudoestehoje.com.br\/novoportal\/wp-json\/wp\/v2\/posts"}],"about":[{"href":"https:\/\/www.sudoestehoje.com.br\/novoportal\/wp-json\/wp\/v2\/types\/post"}],"author":[{"embeddable":true,"href":"https:\/\/www.sudoestehoje.com.br\/novoportal\/wp-json\/wp\/v2\/users\/2"}],"replies":[{"embeddable":true,"href":"https:\/\/www.sudoestehoje.com.br\/novoportal\/wp-json\/wp\/v2\/comments?post=14666"}],"version-history":[{"count":2,"href":"https:\/\/www.sudoestehoje.com.br\/novoportal\/wp-json\/wp\/v2\/posts\/14666\/revisions"}],"predecessor-version":[{"id":14669,"href":"https:\/\/www.sudoestehoje.com.br\/novoportal\/wp-json\/wp\/v2\/posts\/14666\/revisions\/14669"}],"wp:attachment":[{"href":"https:\/\/www.sudoestehoje.com.br\/novoportal\/wp-json\/wp\/v2\/media?parent=14666"}],"wp:term":[{"taxonomy":"category","embeddable":true,"href":"https:\/\/www.sudoestehoje.com.br\/novoportal\/wp-json\/wp\/v2\/categories?post=14666"},{"taxonomy":"post_tag","embeddable":true,"href":"https:\/\/www.sudoestehoje.com.br\/novoportal\/wp-json\/wp\/v2\/tags?post=14666"}],"curies":[{"name":"wp","href":"https:\/\/api.w.org\/{rel}","templated":true}]}}