
{"id":14661,"date":"2012-04-16T12:01:49","date_gmt":"2012-04-16T15:01:49","guid":{"rendered":"http:\/\/www.sudoestehoje.com.br\/novoportal\/?p=14661"},"modified":"2012-04-16T12:01:49","modified_gmt":"2012-04-16T15:01:49","slug":"pau-brasil-policia-federal-tenta-regatar-refens-em-fazendas-invadidas-por-indios","status":"publish","type":"post","link":"https:\/\/www.sudoestehoje.com.br\/novoportal\/2012\/04\/16\/pau-brasil-policia-federal-tenta-regatar-refens-em-fazendas-invadidas-por-indios\/","title":{"rendered":"PAU BRASIL: POL\u00cdCIA FEDERAL TENTA REGATAR REF\u00c9NS EM FAZENDAS INVADIDAS POR \u00cdNDIOS"},"content":{"rendered":"<p><img decoding=\"async\" class=\"aligncenter\" src=\"http:\/\/www.bahianoticias.com.br\/fotos\/principal_noticias\/114575\/IMAGEM_NOTICIA_5.jpg\" alt=\"Pau Brasil: PF tenta resgatar ref\u00e9ns em fazendas invadidas por \u00edndios\" width=\"400\" \/><\/p>\n<p><strong><em>G1<\/em><\/strong><\/p>\n<p>Policiais federais voltar\u00e3o \u00e0s\u00a0<strong><a href=\"http:\/\/www.bahianoticias.com.br\/principal\/noticia\/114550-pau-brasil-indios-ocupam-fazendas-e-trocam-tiros-com-proprietarios-pf-so-agira-na-segunda.html\" target=\"_blank\">fazendas ocupadas por \u00edndios<\/a><\/strong>\u00a0da tribo patax\u00f3 h\u00e3 h\u00e3 h\u00e3e na cidade de Pau Brasil, no sul da Bahia, nesta segunda-feira (16), para tentar resgatar os ref\u00e9ns mantidos nas propriedades desde o final de semana. De acordo com o chefe de investiga\u00e7\u00e3o da Pol\u00edcia Civil, Sagro Dantas, n\u00e3o \u00e9 poss\u00edvel confirmar quantas pessoas, a maioria trabalhadores rurais, s\u00e3o mantidas nas terras. O gerente de uma das fazendas, Zelito Martins, teme pela seguran\u00e7a de quatro funcion\u00e1rios. \u201cN\u00e3o tenho not\u00edcias deles, apenas sei de boatos, de que est\u00e3o amarrados, sequestrados, mas certeza se est\u00e1 vivo ou morto, a gente n\u00e3o tem nenhuma\u201d, lamentou. O delegado local, Francesco Santana, pediu refor\u00e7o de tropas da For\u00e7a Nacional. Levantamentos da pol\u00edcia apontam a ocupa\u00e7\u00e3o de 62 fazendas por membros da tribo ind\u00edgena na regi\u00e3o sul do estado, com o objetivo de retomar 54 mil hectares entre as cidades de Pau Brasil, Camacan e Itaju do Col\u00f4nia. Informa\u00e7\u00f5es do G1.<\/p>\n","protected":false},"excerpt":{"rendered":"<p>G1 Policiais federais voltar\u00e3o \u00e0s\u00a0fazendas ocupadas por \u00edndios\u00a0da tribo patax\u00f3 h\u00e3 h\u00e3 h\u00e3e na cidade de Pau Brasil, no sul da Bahia, nesta segunda-feira (16), para tentar resgatar os ref\u00e9ns mantidos nas propriedades desde o final de semana. De acordo com o chefe de investiga\u00e7\u00e3o da Pol\u00edcia Civil, Sagro Dantas, n\u00e3o \u00e9 poss\u00edvel confirmar quantas [&hellip;]<\/p>\n","protected":false},"author":2,"featured_media":0,"comment_status":"open","ping_status":"open","sticky":false,"template":"","format":"standard","meta":{"footnotes":"","_links_to":"","_links_to_target":""},"categories":[1],"tags":[],"class_list":["post-14661","post","type-post","status-publish","format-standard","hentry","category-geral"],"views":1432,"_links":{"self":[{"href":"https:\/\/www.sudoestehoje.com.br\/novoportal\/wp-json\/wp\/v2\/posts\/14661","targetHints":{"allow":["GET"]}}],"collection":[{"href":"https:\/\/www.sudoestehoje.com.br\/novoportal\/wp-json\/wp\/v2\/posts"}],"about":[{"href":"https:\/\/www.sudoestehoje.com.br\/novoportal\/wp-json\/wp\/v2\/types\/post"}],"author":[{"embeddable":true,"href":"https:\/\/www.sudoestehoje.com.br\/novoportal\/wp-json\/wp\/v2\/users\/2"}],"replies":[{"embeddable":true,"href":"https:\/\/www.sudoestehoje.com.br\/novoportal\/wp-json\/wp\/v2\/comments?post=14661"}],"version-history":[{"count":4,"href":"https:\/\/www.sudoestehoje.com.br\/novoportal\/wp-json\/wp\/v2\/posts\/14661\/revisions"}],"predecessor-version":[{"id":14665,"href":"https:\/\/www.sudoestehoje.com.br\/novoportal\/wp-json\/wp\/v2\/posts\/14661\/revisions\/14665"}],"wp:attachment":[{"href":"https:\/\/www.sudoestehoje.com.br\/novoportal\/wp-json\/wp\/v2\/media?parent=14661"}],"wp:term":[{"taxonomy":"category","embeddable":true,"href":"https:\/\/www.sudoestehoje.com.br\/novoportal\/wp-json\/wp\/v2\/categories?post=14661"},{"taxonomy":"post_tag","embeddable":true,"href":"https:\/\/www.sudoestehoje.com.br\/novoportal\/wp-json\/wp\/v2\/tags?post=14661"}],"curies":[{"name":"wp","href":"https:\/\/api.w.org\/{rel}","templated":true}]}}