
{"id":14657,"date":"2012-04-16T00:27:13","date_gmt":"2012-04-16T03:27:13","guid":{"rendered":"http:\/\/www.sudoestehoje.com.br\/novoportal\/?p=14657"},"modified":"2012-04-16T00:27:13","modified_gmt":"2012-04-16T03:27:13","slug":"itapetinga-pre-candidatura-de-miraldo-avanca-e-ganha-forca","status":"publish","type":"post","link":"https:\/\/www.sudoestehoje.com.br\/novoportal\/2012\/04\/16\/itapetinga-pre-candidatura-de-miraldo-avanca-e-ganha-forca\/","title":{"rendered":"ITAPETINGA: PR\u00c9-CANDIDATURA DE MIRALDO AVAN\u00c7A E GANHA FOR\u00c7A"},"content":{"rendered":"<p><em><strong><img decoding=\"async\" class=\"aligncenter\" src=\"http:\/\/www.politicosdosuldabahia.com.br\/v1\/wp-content\/uploads\/mota1.jpg\" alt=\"\" width=\"300\" \/><br \/>\n<\/strong><\/em><\/p>\n<p style=\"text-align: left;\"><strong><em>Pol\u00edticos do Sul da Bahia<\/em><\/strong><\/p>\n<p style=\"text-align: left;\">Em entrevista ao programa &#8216;Na Boca do Povo&#8217; exibido neste s\u00e1bado, o pr\u00e9- candidato do PT, Miraldo Mota, disse que est\u00e1 firme em seu trajeto pol\u00edtico para o pleito deste ano.<\/p>\n<p>Segundo o petista, que conta com o apoio da maioria do seu partido, a inten\u00e7\u00e3o agora \u00e9 abrir o leque de conversa com os tr\u00eas principais partidos da base do governador Jaques Wagner, o PSB, PV e o Pc do B. Este \u00faltimo, tem no comando o renomado vereador hist\u00f3rico Gilson de Jesus, que goza de boa conduta e prest\u00edgio junto a popula\u00e7\u00e3o. Um dos crit\u00e9rios para a escolha do pr\u00e9- candidato petista \u00e9 o apoio dos partidos da base.<\/p>\n<p>O outro ponto abordado foi o pedido de apoio \u00e0 popula\u00e7\u00e3o, pois uma pesquisa de opini\u00e3o p\u00fablica ser\u00e1 norteadora para a decis\u00e3o final, e Miraldo Mota disse que por parte do partido coube a organiza\u00e7\u00e3o, por parte dele coube a coragem, mas cabe a popula\u00e7\u00e3o a decis\u00e3o maior de direcionar a inten\u00e7\u00e3o da escolha, se continua com o atual prefeito ou se muda para Miraldo Mota.<\/p>\n<p>\u201cO nosso povo deve ser liderado por um governo transparente, \u00e9tico e com a cara do povo, n\u00e3o por pessoas alheias a popula\u00e7\u00e3o e sem um l\u00edder para direcion\u00e1-los\u201d<\/p>\n","protected":false},"excerpt":{"rendered":"<p>Pol\u00edticos do Sul da Bahia Em entrevista ao programa &#8216;Na Boca do Povo&#8217; exibido neste s\u00e1bado, o pr\u00e9- candidato do PT, Miraldo Mota, disse que est\u00e1 firme em seu trajeto pol\u00edtico para o pleito deste ano. Segundo o petista, que conta com o apoio da maioria do seu partido, a inten\u00e7\u00e3o agora \u00e9 abrir o [&hellip;]<\/p>\n","protected":false},"author":2,"featured_media":0,"comment_status":"open","ping_status":"open","sticky":false,"template":"","format":"standard","meta":{"footnotes":"","_links_to":"","_links_to_target":""},"categories":[1],"tags":[],"class_list":["post-14657","post","type-post","status-publish","format-standard","hentry","category-geral"],"views":1662,"_links":{"self":[{"href":"https:\/\/www.sudoestehoje.com.br\/novoportal\/wp-json\/wp\/v2\/posts\/14657","targetHints":{"allow":["GET"]}}],"collection":[{"href":"https:\/\/www.sudoestehoje.com.br\/novoportal\/wp-json\/wp\/v2\/posts"}],"about":[{"href":"https:\/\/www.sudoestehoje.com.br\/novoportal\/wp-json\/wp\/v2\/types\/post"}],"author":[{"embeddable":true,"href":"https:\/\/www.sudoestehoje.com.br\/novoportal\/wp-json\/wp\/v2\/users\/2"}],"replies":[{"embeddable":true,"href":"https:\/\/www.sudoestehoje.com.br\/novoportal\/wp-json\/wp\/v2\/comments?post=14657"}],"version-history":[{"count":3,"href":"https:\/\/www.sudoestehoje.com.br\/novoportal\/wp-json\/wp\/v2\/posts\/14657\/revisions"}],"predecessor-version":[{"id":14660,"href":"https:\/\/www.sudoestehoje.com.br\/novoportal\/wp-json\/wp\/v2\/posts\/14657\/revisions\/14660"}],"wp:attachment":[{"href":"https:\/\/www.sudoestehoje.com.br\/novoportal\/wp-json\/wp\/v2\/media?parent=14657"}],"wp:term":[{"taxonomy":"category","embeddable":true,"href":"https:\/\/www.sudoestehoje.com.br\/novoportal\/wp-json\/wp\/v2\/categories?post=14657"},{"taxonomy":"post_tag","embeddable":true,"href":"https:\/\/www.sudoestehoje.com.br\/novoportal\/wp-json\/wp\/v2\/tags?post=14657"}],"curies":[{"name":"wp","href":"https:\/\/api.w.org\/{rel}","templated":true}]}}