
{"id":14646,"date":"2012-04-15T23:36:17","date_gmt":"2012-04-16T02:36:17","guid":{"rendered":"http:\/\/www.sudoestehoje.com.br\/novoportal\/?p=14646"},"modified":"2012-04-15T23:37:59","modified_gmt":"2012-04-16T02:37:59","slug":"ze-carlos-diz-que-cpi-da-vidal-vai-ser-sepultada","status":"publish","type":"post","link":"https:\/\/www.sudoestehoje.com.br\/novoportal\/2012\/04\/15\/ze-carlos-diz-que-cpi-da-vidal-vai-ser-sepultada\/","title":{"rendered":"Z\u00c9 CARLOS DIZ QUE CPI DA VIDAL VAI SER SEPULTADA"},"content":{"rendered":"<p style=\"text-align: center;\"><img loading=\"lazy\" decoding=\"async\" class=\"aligncenter\" src=\"http:\/\/www.blogdoanderson.com\/v2\/wp-content\/uploads\/2012\/04\/DSC_0006-001.jpg\" alt=\"\" width=\"500\" height=\"331\" \/><\/p>\n<p>&nbsp;<\/p>\n<p>ITAPETINGA: Em Vit\u00f3ria da Conquista antes do seu embarque para Salvador na manh\u00e3 desse s\u00e1bado (14), o prefeito de Itapetinga, Jos\u00e9 Carlos Moura (PT), disse que uma s\u00e9ria acusa\u00e7\u00e3o que envolve o seu Governo com uma empresa de consultoria jur\u00eddica, ser\u00e1 enterrada.\u00a0<strong><a href=\"http:\/\/www.blogdoanderson.com\/v2\/2012\/03\/26\/itapetinga-entenda-a-cpi-bernardo-vidal-que-envolve-o-prefeito-jose-carlos-moura\/\" target=\"_blank\">De acordo com a vereadora Naara Duarte (DEM), presidente da Comiss\u00e3o Parlamentar de Inqu\u00e9rito (CPI), as investiga\u00e7\u00f5es apontam uma les\u00e3o aos cofres p\u00fablicos municipais superior a R$ 670 mil destinados a Bernardo Vidal e Associados, contratada para recuperar valores recolhidos irregularmente ao Instituto Social do Seguro Social (INSS)<\/a><\/strong>.<em>\u00a0\u201cTranquila, a CPI vai ser enterrada. Uma coisa que come\u00e7a errada termina errada, houve v\u00e1rias falhas, ou seja, eles acusaram uma empresa e n\u00e3o ouviram durante a CPI que era parte acusada. Como \u00e9 que voc\u00ea faz uma CPI se os acusados n\u00e3o s\u00e3o ouvidos? Ent\u00e3o tudo que nasce errado a tend\u00eancia \u00e9 terminar errado. Eu acredito que ela ser\u00e1 arquivada, n\u00e3o ter\u00e1 mais problema. Nunca esquentei a cabe\u00e7a com isso, pois quem n\u00e3o deve n\u00e3o teme\u201d<\/em>, disse o petista ao Blog do Anderson, sem explicar como ir\u00e1 &#8216;sepultar&#8217; quase uma dezena de processos abertos contra a sua administra\u00e7\u00e3o, em decorr\u00eancia da CPI.<\/p>\n","protected":false},"excerpt":{"rendered":"<p>&nbsp; ITAPETINGA: Em Vit\u00f3ria da Conquista antes do seu embarque para Salvador na manh\u00e3 desse s\u00e1bado (14), o prefeito de Itapetinga, Jos\u00e9 Carlos Moura (PT), disse que uma s\u00e9ria acusa\u00e7\u00e3o que envolve o seu Governo com uma empresa de consultoria jur\u00eddica, ser\u00e1 enterrada.\u00a0De acordo com a vereadora Naara Duarte (DEM), presidente da Comiss\u00e3o Parlamentar de [&hellip;]<\/p>\n","protected":false},"author":2,"featured_media":0,"comment_status":"open","ping_status":"open","sticky":false,"template":"","format":"standard","meta":{"footnotes":"","_links_to":"","_links_to_target":""},"categories":[1],"tags":[],"class_list":["post-14646","post","type-post","status-publish","format-standard","hentry","category-geral"],"views":1364,"_links":{"self":[{"href":"https:\/\/www.sudoestehoje.com.br\/novoportal\/wp-json\/wp\/v2\/posts\/14646","targetHints":{"allow":["GET"]}}],"collection":[{"href":"https:\/\/www.sudoestehoje.com.br\/novoportal\/wp-json\/wp\/v2\/posts"}],"about":[{"href":"https:\/\/www.sudoestehoje.com.br\/novoportal\/wp-json\/wp\/v2\/types\/post"}],"author":[{"embeddable":true,"href":"https:\/\/www.sudoestehoje.com.br\/novoportal\/wp-json\/wp\/v2\/users\/2"}],"replies":[{"embeddable":true,"href":"https:\/\/www.sudoestehoje.com.br\/novoportal\/wp-json\/wp\/v2\/comments?post=14646"}],"version-history":[{"count":4,"href":"https:\/\/www.sudoestehoje.com.br\/novoportal\/wp-json\/wp\/v2\/posts\/14646\/revisions"}],"predecessor-version":[{"id":14649,"href":"https:\/\/www.sudoestehoje.com.br\/novoportal\/wp-json\/wp\/v2\/posts\/14646\/revisions\/14649"}],"wp:attachment":[{"href":"https:\/\/www.sudoestehoje.com.br\/novoportal\/wp-json\/wp\/v2\/media?parent=14646"}],"wp:term":[{"taxonomy":"category","embeddable":true,"href":"https:\/\/www.sudoestehoje.com.br\/novoportal\/wp-json\/wp\/v2\/categories?post=14646"},{"taxonomy":"post_tag","embeddable":true,"href":"https:\/\/www.sudoestehoje.com.br\/novoportal\/wp-json\/wp\/v2\/tags?post=14646"}],"curies":[{"name":"wp","href":"https:\/\/api.w.org\/{rel}","templated":true}]}}