
{"id":14643,"date":"2012-04-15T23:16:31","date_gmt":"2012-04-16T02:16:31","guid":{"rendered":"http:\/\/www.sudoestehoje.com.br\/novoportal\/?p=14643"},"modified":"2012-04-15T23:16:31","modified_gmt":"2012-04-16T02:16:31","slug":"entrevista-de-miraldo-mota-na-boca-do-povo-repercute-e-preocupa-ze-carlos","status":"publish","type":"post","link":"https:\/\/www.sudoestehoje.com.br\/novoportal\/2012\/04\/15\/entrevista-de-miraldo-mota-na-boca-do-povo-repercute-e-preocupa-ze-carlos\/","title":{"rendered":"ENTREVISTA DE MIRALDO MOTA NA &#8216;BOCA DO POVO&#8217; REPERCUTE E PREOCUPA Z\u00c9 CARLOS"},"content":{"rendered":"<p style=\"text-align: center;\"><img decoding=\"async\" class=\"aligncenter\" src=\"http:\/\/1.bp.blogspot.com\/-KdIjquTxxjc\/T4onk5o8NOI\/AAAAAAAAKkE\/lFFOZvNbW5w\/s1600\/572742_100003682371597_1468036951_n.jpg\" alt=\"\" width=\"300\" \/><\/p>\n<p style=\"text-align: center;\"><em>Miraldo Mota \u00e9 pr\u00e9-candidato a prefeito pelo PT<\/em><\/p>\n<p>&nbsp;<\/p>\n<p><strong><em>Da Reda\u00e7\u00e3o<\/em><\/strong><\/p>\n<p>ITAPETINGA: Miraldo Mota, pr\u00e9-candidato do PT a prefeitura de Itapetinga foi o convidado no Programa &#8216;<em>Na Boca do Povo&#8217;<\/em>, com apresenta\u00e7\u00e3o de Ze Elias e Nivaldo Viana, deste s\u00e1bado, 14, na r\u00e1dio Fascina\u00e7\u00e3o. As principais perguntas que direcionaram a entrevista se concentraram na quest\u00e3o da disputa interna entre o entrevistado, Miraldo Mota, e o atual prefeito Jos\u00e9 Carlos Moura, que pretende se candidatar a reelei\u00e7\u00e3o.<\/p>\n<p>Miraldo explicou que n\u00e3o tinha a inten\u00e7\u00e3o de lan\u00e7ar o seu nome como candidato pelo partido, j\u00e1 que \u00e9 previs\u00edvel que quem ocupa o cargo tem a prioridade como candidato a reelei\u00e7\u00e3o. No entanto, esta decis\u00e3o s\u00f3 se concretizou diante de uma aclama\u00e7\u00e3o em massa por parte de seus companheiros de partido, que vinham atravessando uma crise com o atual gestor\u00a0<em>neopetista<\/em>\u00a0desde o in\u00edcio do governo e somado a esse desgaste a CPI instalada contra o atual prefeito, para apurar irregularidades no contrato entre a prefeitura e a empresa Bernardo Vidal, tamb\u00e9m foi um fator que contribuiu para que os companheiros descartassem a reelei\u00e7\u00e3o do atual prefeito como a \u00fanica alternativa do partido.<\/p>\n<p>Houve diversas participa\u00e7\u00f5es atrav\u00e9s do telefone, merece destaque a participa\u00e7\u00e3o de um pr\u00e9-candidato a prefeito de outro partido que \u00a0afirmou que com rela\u00e7\u00e3o a disputa seria melhor que fosse Jos\u00e9 Carlos Moura, porque seria mais f\u00e1cil de ganhar, mas se tratando de n\u00edvel de candidatos afirmou que Miraldo seria um candidato forte e de car\u00e1ter.<\/p>\n<p>At\u00e9 o controvertido vereador Romildo Teixeira participou por telefone, dizendo que se o candidato do PT fosse Miraldo e n\u00e3o Z\u00e9 Carlos, o seu partido, o PDT, n\u00e3o apoiaria a candidatura petista. De pronto, Miraldo respondeu: <em>&#8220;Esse vereador foi vaiado pelo povo na posse do prefeito e na C\u00e2mara Municipal, portanto sou eu que n\u00e3o quero o seu apoio&#8221;<\/em>.<\/p>\n<p>Miraldo Mota encerrou a entrevista bastante otimista, agradeceu a oportunidade deixando a cargo da comunidade a avalia\u00e7\u00e3o do seu nome como pr\u00e9 candidato. Preocupado com a inesperada disputa dentro do PT, o prefeito Z\u00e9 Carlos j\u00e1 colocou as barbas de molho e n\u00e3o para de pressionar a dire\u00e7\u00e3o estadual do PT, via Rosemberg Pinto, para definir logo a sua candidatura. Com informa\u00e7\u00f5es do <em>Tribuna de Itapetinga<\/em><\/p>\n<p>&nbsp;<\/p>\n","protected":false},"excerpt":{"rendered":"<p>Miraldo Mota \u00e9 pr\u00e9-candidato a prefeito pelo PT &nbsp; Da Reda\u00e7\u00e3o ITAPETINGA: Miraldo Mota, pr\u00e9-candidato do PT a prefeitura de Itapetinga foi o convidado no Programa &#8216;Na Boca do Povo&#8217;, com apresenta\u00e7\u00e3o de Ze Elias e Nivaldo Viana, deste s\u00e1bado, 14, na r\u00e1dio Fascina\u00e7\u00e3o. As principais perguntas que direcionaram a entrevista se concentraram na quest\u00e3o [&hellip;]<\/p>\n","protected":false},"author":2,"featured_media":0,"comment_status":"open","ping_status":"open","sticky":false,"template":"","format":"standard","meta":{"footnotes":"","_links_to":"","_links_to_target":""},"categories":[1],"tags":[],"class_list":["post-14643","post","type-post","status-publish","format-standard","hentry","category-geral"],"views":1497,"_links":{"self":[{"href":"https:\/\/www.sudoestehoje.com.br\/novoportal\/wp-json\/wp\/v2\/posts\/14643","targetHints":{"allow":["GET"]}}],"collection":[{"href":"https:\/\/www.sudoestehoje.com.br\/novoportal\/wp-json\/wp\/v2\/posts"}],"about":[{"href":"https:\/\/www.sudoestehoje.com.br\/novoportal\/wp-json\/wp\/v2\/types\/post"}],"author":[{"embeddable":true,"href":"https:\/\/www.sudoestehoje.com.br\/novoportal\/wp-json\/wp\/v2\/users\/2"}],"replies":[{"embeddable":true,"href":"https:\/\/www.sudoestehoje.com.br\/novoportal\/wp-json\/wp\/v2\/comments?post=14643"}],"version-history":[{"count":2,"href":"https:\/\/www.sudoestehoje.com.br\/novoportal\/wp-json\/wp\/v2\/posts\/14643\/revisions"}],"predecessor-version":[{"id":14645,"href":"https:\/\/www.sudoestehoje.com.br\/novoportal\/wp-json\/wp\/v2\/posts\/14643\/revisions\/14645"}],"wp:attachment":[{"href":"https:\/\/www.sudoestehoje.com.br\/novoportal\/wp-json\/wp\/v2\/media?parent=14643"}],"wp:term":[{"taxonomy":"category","embeddable":true,"href":"https:\/\/www.sudoestehoje.com.br\/novoportal\/wp-json\/wp\/v2\/categories?post=14643"},{"taxonomy":"post_tag","embeddable":true,"href":"https:\/\/www.sudoestehoje.com.br\/novoportal\/wp-json\/wp\/v2\/tags?post=14643"}],"curies":[{"name":"wp","href":"https:\/\/api.w.org\/{rel}","templated":true}]}}