
{"id":1458,"date":"2010-10-25T23:02:09","date_gmt":"2010-10-26T02:02:09","guid":{"rendered":"http:\/\/www.sudoestehoje.com.br\/novoportal\/?p=1458"},"modified":"2010-10-25T23:02:09","modified_gmt":"2010-10-26T02:02:09","slug":"ilheus-recem-nascida-e-roubada-dentro-da-maternidade","status":"publish","type":"post","link":"https:\/\/www.sudoestehoje.com.br\/novoportal\/2010\/10\/25\/ilheus-recem-nascida-e-roubada-dentro-da-maternidade\/","title":{"rendered":"Ilh\u00e9us: Rec\u00e9m nascida \u00e9 roubada dentro da maternidade"},"content":{"rendered":"<div style=\"text-align: center;\"><img decoding=\"async\" title=\"Pais da crian\u00e7a exigem provid\u00eancias da maternidade\" src=\"http:\/\/www.atarde.com.br\/arquivos\/2010\/10\/202023.jpg\" border=\"0\" alt=\"Pais da crian\u00e7a exigem provid\u00eancias da maternidade\" \/><\/div>\n<p><strong>\u00a0<\/strong><\/p>\n<p><strong>Ilh\u00e9us &#8211; <\/strong>A titular da Delegacia Circunscricional de Ilh\u00e9us, Magda Figueiredo, investiga uma mulher, suspeita de ser uma das duas pessoas que entraram na Maternidade Santa Helena e roubaram um beb\u00ea de apenas 12 dias. A menina \u00e9 filha de Luziene de Oliveira Gon\u00e7alves, 16 anos, que j\u00e1 havia tido alta m\u00e9dica, mas precisou retornar \u00e0 maternidade porque os pontos da cirurgia inflamaram.<\/p>\n<p>\u201cA mulher levou a crian\u00e7a junto com o cart\u00e3o de vacina\u00e7\u00e3o e a declara\u00e7\u00e3o de nascimento, com a qual ela poder\u00e1 registrar o beb\u00ea em qualquer lugar\u201d, diz a delegada, que j\u00e1 comunicou o fato aos cart\u00f3rios de Ilh\u00e9us e de cidades vizinhas.<\/p>\n<p>Luziene Gon\u00e7alves conta que, na tarde do \u00faltimo domingo, ela estava no quarto com a filha rec\u00e9m-nascida e a m\u00e3e, que \u00e9 deficiente visual, quando chegou uma jovem branca, estatura baixa e vestindo blusa rosa, perguntando por uma pessoa com o nome parecido com o dela. Luziene disse que ali n\u00e3o havia ningu\u00e9m com esse nome, mesmo assim a desconhecida permaneceu no local e come\u00e7ou a falar sobre a vida pessoal. Contou que morava no bairro Teot\u00f4nio Vilela com a m\u00e3e, um irm\u00e3o e uma filha de sete meses.<\/p>\n<p>Pouco depois, entrou outra mulher, alta, magra, morena e vestindo jaleco e uma touca de hospital brancos. Levou a nen\u00e9m dizendo que ia vacin\u00e1-la. Luziene estava recostada em uma poltrona e mal teve tempo de se mover e dizer que a filha n\u00e3o precisava de vacina. Ela ainda perguntou \u00e0 jovem que entrou primeiro se a filha estava sendo levada para se vacinar e ela teria respondido que sim. Em seguida, tamb\u00e9m deixou o quarto e sumiu.<\/p>\n<p>Luziene saiu gritando, mas ningu\u00e9m na maternidade, que pertence ao Hospital S\u00e3o Jos\u00e9, soube dizer se uma mulher alta e morena passou levando uma crian\u00e7a. O marido da jovem, La\u00e9rcio Souza dos Santos, 22 anos, prestou queixa na delegacia. Al\u00e9m das duas mulheres, o casal suspeita de uma terceira, que estava internada no quarto vizinho se recuperando de uma curetagem.<\/p>\n<p>Um dos diretores do hospital, Carlos Lira, disse que n\u00e3o estava trabalhando quando ocorreu o fato, mas a mantenedora do hospital e da maternidade j\u00e1 est\u00e1 levantando dados para tomar as provid\u00eancias cab\u00edveis. A Tarde<\/p>\n<p><!-- retirado o marcador de paragrafo --><\/p>\n","protected":false},"excerpt":{"rendered":"<p>\u00a0 Ilh\u00e9us &#8211; A titular da Delegacia Circunscricional de Ilh\u00e9us, Magda Figueiredo, investiga uma mulher, suspeita de ser uma das duas pessoas que entraram na Maternidade Santa Helena e roubaram um beb\u00ea de apenas 12 dias. A menina \u00e9 filha de Luziene de Oliveira Gon\u00e7alves, 16 anos, que j\u00e1 havia tido alta m\u00e9dica, mas precisou [&hellip;]<\/p>\n","protected":false},"author":2,"featured_media":0,"comment_status":"open","ping_status":"open","sticky":false,"template":"","format":"standard","meta":{"footnotes":"","_links_to":"","_links_to_target":""},"categories":[1],"tags":[],"class_list":["post-1458","post","type-post","status-publish","format-standard","hentry","category-geral"],"views":1138,"_links":{"self":[{"href":"https:\/\/www.sudoestehoje.com.br\/novoportal\/wp-json\/wp\/v2\/posts\/1458","targetHints":{"allow":["GET"]}}],"collection":[{"href":"https:\/\/www.sudoestehoje.com.br\/novoportal\/wp-json\/wp\/v2\/posts"}],"about":[{"href":"https:\/\/www.sudoestehoje.com.br\/novoportal\/wp-json\/wp\/v2\/types\/post"}],"author":[{"embeddable":true,"href":"https:\/\/www.sudoestehoje.com.br\/novoportal\/wp-json\/wp\/v2\/users\/2"}],"replies":[{"embeddable":true,"href":"https:\/\/www.sudoestehoje.com.br\/novoportal\/wp-json\/wp\/v2\/comments?post=1458"}],"version-history":[{"count":2,"href":"https:\/\/www.sudoestehoje.com.br\/novoportal\/wp-json\/wp\/v2\/posts\/1458\/revisions"}],"predecessor-version":[{"id":1460,"href":"https:\/\/www.sudoestehoje.com.br\/novoportal\/wp-json\/wp\/v2\/posts\/1458\/revisions\/1460"}],"wp:attachment":[{"href":"https:\/\/www.sudoestehoje.com.br\/novoportal\/wp-json\/wp\/v2\/media?parent=1458"}],"wp:term":[{"taxonomy":"category","embeddable":true,"href":"https:\/\/www.sudoestehoje.com.br\/novoportal\/wp-json\/wp\/v2\/categories?post=1458"},{"taxonomy":"post_tag","embeddable":true,"href":"https:\/\/www.sudoestehoje.com.br\/novoportal\/wp-json\/wp\/v2\/tags?post=1458"}],"curies":[{"name":"wp","href":"https:\/\/api.w.org\/{rel}","templated":true}]}}