
{"id":14560,"date":"2012-04-12T19:00:48","date_gmt":"2012-04-12T22:00:48","guid":{"rendered":"http:\/\/www.sudoestehoje.com.br\/novoportal\/?p=14560"},"modified":"2012-04-12T21:24:06","modified_gmt":"2012-04-13T00:24:06","slug":"expo-planalto-e-cancelada-devido-seca-na-regiao","status":"publish","type":"post","link":"https:\/\/www.sudoestehoje.com.br\/novoportal\/2012\/04\/12\/expo-planalto-e-cancelada-devido-seca-na-regiao\/","title":{"rendered":"EXPO-PLANALTO \u00c9 CANCELADA DEVIDO SECA NA REGI\u00c3O"},"content":{"rendered":"<div><img decoding=\"async\" class=\"aligncenter\" src=\"http:\/\/www.jornaldosudoeste.com\/noticias\/07052011100504p.jpg\" alt=\"\" width=\"400\" \/><\/div>\n<div><\/div>\n<div><\/div>\n<div>PLANALTO: A 3\u00aa Exposi\u00e7\u00e3o Agropecu\u00e1ria de Planalto foi cancelada, de acordo com an\u00fancio do Prefeito Edilson Duarte da Cunha. Segundo o Secret\u00e1rio de Agricultura do Munic\u00edpio, Eudes Oliveira, a festa que aconteceria entre os dias 25 e 29 de abril foi cancelada depois de uma reuni\u00e3o com gestores do munic\u00edpio. A justificativa para o cancelamento da Exposi\u00e7\u00e3o foi a de que o Estado e principalmente o munic\u00edpio de Planalto passa por um momento de estiagem, a seca que assola o Estado \u00e9 uma das maiores dos \u00faltimos 30 anos, j\u00e1 s\u00e3o mais de 100 dias sem chuva no munic\u00edpio e regi\u00e3o.<\/div>\n<div>&#8220;O prefeito se reuniu com associa\u00e7\u00f5es comunit\u00e1rias da zona rural de Planalto e percebeu que, neste momento, \u00e9 preciso priorizar medidas de combate \u00e0 seca e que atenuem o efeito da estiagem sobre a popula\u00e7\u00e3o, pedidos de recursos para amenizar a situa\u00e7\u00e3o j\u00e1 foram feitos aos \u00f3rg\u00e3o respons\u00e1veis do Estado e da Uni\u00e3o &#8220;, explicou Eudes Oliveira.<\/div>\n<div><\/div>\n<div><em>Diga Diga Noticias<\/em><\/div>\n","protected":false},"excerpt":{"rendered":"<p>PLANALTO: A 3\u00aa Exposi\u00e7\u00e3o Agropecu\u00e1ria de Planalto foi cancelada, de acordo com an\u00fancio do Prefeito Edilson Duarte da Cunha. Segundo o Secret\u00e1rio de Agricultura do Munic\u00edpio, Eudes Oliveira, a festa que aconteceria entre os dias 25 e 29 de abril foi cancelada depois de uma reuni\u00e3o com gestores do munic\u00edpio. A justificativa para o cancelamento [&hellip;]<\/p>\n","protected":false},"author":2,"featured_media":0,"comment_status":"open","ping_status":"open","sticky":false,"template":"","format":"standard","meta":{"footnotes":"","_links_to":"","_links_to_target":""},"categories":[1],"tags":[],"class_list":["post-14560","post","type-post","status-publish","format-standard","hentry","category-geral"],"views":1365,"_links":{"self":[{"href":"https:\/\/www.sudoestehoje.com.br\/novoportal\/wp-json\/wp\/v2\/posts\/14560","targetHints":{"allow":["GET"]}}],"collection":[{"href":"https:\/\/www.sudoestehoje.com.br\/novoportal\/wp-json\/wp\/v2\/posts"}],"about":[{"href":"https:\/\/www.sudoestehoje.com.br\/novoportal\/wp-json\/wp\/v2\/types\/post"}],"author":[{"embeddable":true,"href":"https:\/\/www.sudoestehoje.com.br\/novoportal\/wp-json\/wp\/v2\/users\/2"}],"replies":[{"embeddable":true,"href":"https:\/\/www.sudoestehoje.com.br\/novoportal\/wp-json\/wp\/v2\/comments?post=14560"}],"version-history":[{"count":3,"href":"https:\/\/www.sudoestehoje.com.br\/novoportal\/wp-json\/wp\/v2\/posts\/14560\/revisions"}],"predecessor-version":[{"id":14563,"href":"https:\/\/www.sudoestehoje.com.br\/novoportal\/wp-json\/wp\/v2\/posts\/14560\/revisions\/14563"}],"wp:attachment":[{"href":"https:\/\/www.sudoestehoje.com.br\/novoportal\/wp-json\/wp\/v2\/media?parent=14560"}],"wp:term":[{"taxonomy":"category","embeddable":true,"href":"https:\/\/www.sudoestehoje.com.br\/novoportal\/wp-json\/wp\/v2\/categories?post=14560"},{"taxonomy":"post_tag","embeddable":true,"href":"https:\/\/www.sudoestehoje.com.br\/novoportal\/wp-json\/wp\/v2\/tags?post=14560"}],"curies":[{"name":"wp","href":"https:\/\/api.w.org\/{rel}","templated":true}]}}