
{"id":145,"date":"2010-09-10T00:30:13","date_gmt":"2010-09-10T03:30:13","guid":{"rendered":"http:\/\/sudoestehoje.tempsite.ws\/novoportal\/?p=145"},"modified":"2010-09-18T12:57:02","modified_gmt":"2010-09-18T15:57:02","slug":"itabuna-prefeito-reduz-salarios-dos-servidores-em-ate-60","status":"publish","type":"post","link":"https:\/\/www.sudoestehoje.com.br\/novoportal\/2010\/09\/10\/itabuna-prefeito-reduz-salarios-dos-servidores-em-ate-60\/","title":{"rendered":"ITABUNA: PREFEITO REDUZ SAL\u00c1RIOS DOS SERVIDORES EM AT\u00c9 60%"},"content":{"rendered":"<div>\n<div style=\"text-align: center;\"><img decoding=\"async\" src=\"http:\/\/www.jequiereporter.com.br\/blog\/wp-content\/uploads\/2009\/12\/Prefeito-de-Itabuna.JPG\" border=\"0\" alt=\"\" \/><\/div>\n<div style=\"text-align: center;\">Azevedo diz que redu\u00e7\u00e3o foi exig\u00eancia do TCM<\/div>\n<p>ITABUNA:  Se a Prefeitura de Itabuna n\u00e3o apresentar argumentos convincentes sobre  o corte que deu de at\u00e9 60% no sal\u00e1rio dos servidores municipais, a  categoria deve entrar em greve por tempo indeterminado. O sindicato da  classe realiza assembleia nesta sexta-feira (10) para decidir as medidas  que tomar\u00e1 ap\u00f3s o \u201cbaque\u201d. Segundo o site Pimenta na Muqueca, o  prefeito Capit\u00e3o Azevedo (DEM) explica que cortou os adicionais e horas  extras devido a uma advert\u00eancia do Tribunal de Contas dos Munic\u00edpios  (TCM), que teria alegado que os gastos do Munic\u00edpio estariam acima do  limite permitido.<\/p>\n<\/div>\n","protected":false},"excerpt":{"rendered":"<p>Azevedo diz que redu\u00e7\u00e3o foi exig\u00eancia do TCM ITABUNA: Se a Prefeitura de Itabuna n\u00e3o apresentar argumentos convincentes sobre o corte que deu de at\u00e9 60% no sal\u00e1rio dos servidores municipais, a categoria deve entrar em greve por tempo indeterminado. O sindicato da classe realiza assembleia nesta sexta-feira (10) para decidir as medidas que tomar\u00e1 [&hellip;]<\/p>\n","protected":false},"author":1,"featured_media":0,"comment_status":"open","ping_status":"open","sticky":false,"template":"","format":"standard","meta":{"footnotes":"","_links_to":"","_links_to_target":""},"categories":[5],"tags":[],"class_list":["post-145","post","type-post","status-publish","format-standard","hentry","category-regiao"],"views":1287,"_links":{"self":[{"href":"https:\/\/www.sudoestehoje.com.br\/novoportal\/wp-json\/wp\/v2\/posts\/145","targetHints":{"allow":["GET"]}}],"collection":[{"href":"https:\/\/www.sudoestehoje.com.br\/novoportal\/wp-json\/wp\/v2\/posts"}],"about":[{"href":"https:\/\/www.sudoestehoje.com.br\/novoportal\/wp-json\/wp\/v2\/types\/post"}],"author":[{"embeddable":true,"href":"https:\/\/www.sudoestehoje.com.br\/novoportal\/wp-json\/wp\/v2\/users\/1"}],"replies":[{"embeddable":true,"href":"https:\/\/www.sudoestehoje.com.br\/novoportal\/wp-json\/wp\/v2\/comments?post=145"}],"version-history":[{"count":1,"href":"https:\/\/www.sudoestehoje.com.br\/novoportal\/wp-json\/wp\/v2\/posts\/145\/revisions"}],"predecessor-version":[{"id":146,"href":"https:\/\/www.sudoestehoje.com.br\/novoportal\/wp-json\/wp\/v2\/posts\/145\/revisions\/146"}],"wp:attachment":[{"href":"https:\/\/www.sudoestehoje.com.br\/novoportal\/wp-json\/wp\/v2\/media?parent=145"}],"wp:term":[{"taxonomy":"category","embeddable":true,"href":"https:\/\/www.sudoestehoje.com.br\/novoportal\/wp-json\/wp\/v2\/categories?post=145"},{"taxonomy":"post_tag","embeddable":true,"href":"https:\/\/www.sudoestehoje.com.br\/novoportal\/wp-json\/wp\/v2\/tags?post=145"}],"curies":[{"name":"wp","href":"https:\/\/api.w.org\/{rel}","templated":true}]}}