
{"id":14497,"date":"2012-04-10T23:15:22","date_gmt":"2012-04-11T02:15:22","guid":{"rendered":"http:\/\/www.sudoestehoje.com.br\/novoportal\/?p=14497"},"modified":"2012-04-10T23:15:43","modified_gmt":"2012-04-11T02:15:43","slug":"itororo-por-uma-camara-de-vereadores-fantasmas-eu-apoio-esses-vereadores","status":"publish","type":"post","link":"https:\/\/www.sudoestehoje.com.br\/novoportal\/2012\/04\/10\/itororo-por-uma-camara-de-vereadores-fantasmas-eu-apoio-esses-vereadores\/","title":{"rendered":"ITOROR\u00d3: POR UMA C\u00c2MARA DE VEREADORES FANTASMA&#8230; EU APOIO ESSES VEREADORES!"},"content":{"rendered":"<p style=\"text-align: center;\"><a href=\"http:\/\/www.sudoestehoje.com.br\/novoportal\/wp-content\/uploads\/2012\/04\/fantasmas-do-alem-2f024.jpg\"><img decoding=\"async\" class=\"aligncenter  wp-image-14498\" title=\"fantasmas-do-alem-2f024\" src=\"http:\/\/www.sudoestehoje.com.br\/novoportal\/wp-content\/uploads\/2012\/04\/fantasmas-do-alem-2f024-500x375.jpg\" alt=\"\" width=\"400\" srcset=\"https:\/\/www.sudoestehoje.com.br\/novoportal\/wp-content\/uploads\/2012\/04\/fantasmas-do-alem-2f024-500x375.jpg 500w, https:\/\/www.sudoestehoje.com.br\/novoportal\/wp-content\/uploads\/2012\/04\/fantasmas-do-alem-2f024.jpg 1024w\" sizes=\"(max-width: 500px) 100vw, 500px\" \/><\/a><\/p>\n<p>&nbsp;<\/p>\n<p>\u00c9 isto mesmo que voc\u00ea leu. \u00c9 mole? Esta ironia acima \u00e9 fruto do que aconteceu na manh\u00e3 de ter\u00e7a-feira, ou melhor, n\u00e3o aconteceu. A sess\u00e3o da C\u00e2mara de vereadores de Itoror\u00f3 n\u00e3o foi aberta por motivo de seus ilustres funcion\u00e1rios simplesmente n\u00e3o ter comparecido ao seu recinto de trabalho, a casa legislativa. Talvez porque tenha dormido um pouquinho a mais a maioria dos vereadores faltou aos trabalhos. Apesar do recente recesso de tr\u00eas meses, os \u201cbichinhos\u201d ainda n\u00e3o se recuperaram do estresse dessa dura tarefa trabalhista. A humanidade ficou \u00f3rf\u00e3 com esta perda e os Itororoenses choram copiosamente pelas ruas a falta dos seus fieis escudeiros.<\/p>\n<p>Consta nos relatos da prov\u00edncia e nos anais da hist\u00f3ria, que nesta data, nada de extraordin\u00e1rio tenha acontecido. Faltaram, porque simplesmente, faltaram. \u00c9 o \u201cSobrenatural de Almeida\u201d, fazendo estripulias com o nosso povo e com o nosso dinheiro.<\/p>\n<p><strong><em>Milton Marinho<\/em><\/strong><\/p>\n<p>&nbsp;<\/p>\n","protected":false},"excerpt":{"rendered":"<p>&nbsp; \u00c9 isto mesmo que voc\u00ea leu. \u00c9 mole? Esta ironia acima \u00e9 fruto do que aconteceu na manh\u00e3 de ter\u00e7a-feira, ou melhor, n\u00e3o aconteceu. A sess\u00e3o da C\u00e2mara de vereadores de Itoror\u00f3 n\u00e3o foi aberta por motivo de seus ilustres funcion\u00e1rios simplesmente n\u00e3o ter comparecido ao seu recinto de trabalho, a casa legislativa. Talvez [&hellip;]<\/p>\n","protected":false},"author":2,"featured_media":0,"comment_status":"open","ping_status":"open","sticky":false,"template":"","format":"standard","meta":{"footnotes":"","_links_to":"","_links_to_target":""},"categories":[1],"tags":[],"class_list":["post-14497","post","type-post","status-publish","format-standard","hentry","category-geral"],"views":2408,"_links":{"self":[{"href":"https:\/\/www.sudoestehoje.com.br\/novoportal\/wp-json\/wp\/v2\/posts\/14497","targetHints":{"allow":["GET"]}}],"collection":[{"href":"https:\/\/www.sudoestehoje.com.br\/novoportal\/wp-json\/wp\/v2\/posts"}],"about":[{"href":"https:\/\/www.sudoestehoje.com.br\/novoportal\/wp-json\/wp\/v2\/types\/post"}],"author":[{"embeddable":true,"href":"https:\/\/www.sudoestehoje.com.br\/novoportal\/wp-json\/wp\/v2\/users\/2"}],"replies":[{"embeddable":true,"href":"https:\/\/www.sudoestehoje.com.br\/novoportal\/wp-json\/wp\/v2\/comments?post=14497"}],"version-history":[{"count":5,"href":"https:\/\/www.sudoestehoje.com.br\/novoportal\/wp-json\/wp\/v2\/posts\/14497\/revisions"}],"predecessor-version":[{"id":14503,"href":"https:\/\/www.sudoestehoje.com.br\/novoportal\/wp-json\/wp\/v2\/posts\/14497\/revisions\/14503"}],"wp:attachment":[{"href":"https:\/\/www.sudoestehoje.com.br\/novoportal\/wp-json\/wp\/v2\/media?parent=14497"}],"wp:term":[{"taxonomy":"category","embeddable":true,"href":"https:\/\/www.sudoestehoje.com.br\/novoportal\/wp-json\/wp\/v2\/categories?post=14497"},{"taxonomy":"post_tag","embeddable":true,"href":"https:\/\/www.sudoestehoje.com.br\/novoportal\/wp-json\/wp\/v2\/tags?post=14497"}],"curies":[{"name":"wp","href":"https:\/\/api.w.org\/{rel}","templated":true}]}}