
{"id":1448,"date":"2010-10-25T18:33:10","date_gmt":"2010-10-25T21:33:10","guid":{"rendered":"http:\/\/www.sudoestehoje.com.br\/novoportal\/?p=1448"},"modified":"2010-10-25T18:33:10","modified_gmt":"2010-10-25T21:33:10","slug":"conquista-hipermercado-g-barbosa-sera-inaugurado-nesta-terca","status":"publish","type":"post","link":"https:\/\/www.sudoestehoje.com.br\/novoportal\/2010\/10\/25\/conquista-hipermercado-g-barbosa-sera-inaugurado-nesta-terca\/","title":{"rendered":"Conquista: Hipermercado G Barbosa ser\u00e1 inaugurado nesta ter\u00e7a"},"content":{"rendered":"<p style=\"text-align: center;\"><img decoding=\"async\" src=\"http:\/\/www.bairrosdemaceio.net\/site\/upload\/FCKEditor\/gbarbosa2.jpg\" alt=\"\" \/><\/p>\n<p>\u00a0<\/p>\n<p>A rede de supermercados GBarbosa ir\u00e1 inaugurar sua primeira loja em Vit\u00f3ria da Conquista nesta ter\u00e7a-feira (26). O espa\u00e7o est\u00e1 localizado na Avenida Ol\u00edvia Flores, pr\u00f3ximo ao Col\u00e9gio Modelo Lu\u00eds Eduardo Magalh\u00e3es, e conta com uma \u00e1rea constru\u00edda de 8.514,00 m\u00b2 e ir\u00e1 oferecer para a popula\u00e7\u00e3o diversas se\u00e7\u00f5es, como automotivos, motos e bikes, limpeza, pet shop, bricolagem [ferramentas], esporte e camping, m\u00f3veis e artigos de jardim. A nova loja ter\u00e1 ainda 16 categorias de bazar, com destaque para o setor de casa.<\/p>\n<p>Ser\u00e3o 257 vagas de estacionamento [incluindo as reservadas para idosos e deficientes, al\u00e9m do parcelamento nas compras com o cart\u00e3o GBarbosa, dentre outros. Foram 120 dias entre obras civis e instala\u00e7\u00f5es, montagem e abastecimento para que a loja fosse inaugurada.\u00a0Vale lembrar que ser\u00e3o gerados 700 empregos indiretos e 238 diretos. A solenidade de inaugura\u00e7\u00e3o, aberta a imprensa, acontece a partir das 19h30. Informa\u00e7\u00f5es do Blog da Resenha Geral (Rodrigo Ferraz)<\/p>\n","protected":false},"excerpt":{"rendered":"<p>\u00a0 A rede de supermercados GBarbosa ir\u00e1 inaugurar sua primeira loja em Vit\u00f3ria da Conquista nesta ter\u00e7a-feira (26). O espa\u00e7o est\u00e1 localizado na Avenida Ol\u00edvia Flores, pr\u00f3ximo ao Col\u00e9gio Modelo Lu\u00eds Eduardo Magalh\u00e3es, e conta com uma \u00e1rea constru\u00edda de 8.514,00 m\u00b2 e ir\u00e1 oferecer para a popula\u00e7\u00e3o diversas se\u00e7\u00f5es, como automotivos, motos e bikes, [&hellip;]<\/p>\n","protected":false},"author":2,"featured_media":0,"comment_status":"open","ping_status":"open","sticky":false,"template":"","format":"standard","meta":{"footnotes":"","_links_to":"","_links_to_target":""},"categories":[1],"tags":[],"class_list":["post-1448","post","type-post","status-publish","format-standard","hentry","category-geral"],"views":3250,"_links":{"self":[{"href":"https:\/\/www.sudoestehoje.com.br\/novoportal\/wp-json\/wp\/v2\/posts\/1448","targetHints":{"allow":["GET"]}}],"collection":[{"href":"https:\/\/www.sudoestehoje.com.br\/novoportal\/wp-json\/wp\/v2\/posts"}],"about":[{"href":"https:\/\/www.sudoestehoje.com.br\/novoportal\/wp-json\/wp\/v2\/types\/post"}],"author":[{"embeddable":true,"href":"https:\/\/www.sudoestehoje.com.br\/novoportal\/wp-json\/wp\/v2\/users\/2"}],"replies":[{"embeddable":true,"href":"https:\/\/www.sudoestehoje.com.br\/novoportal\/wp-json\/wp\/v2\/comments?post=1448"}],"version-history":[{"count":3,"href":"https:\/\/www.sudoestehoje.com.br\/novoportal\/wp-json\/wp\/v2\/posts\/1448\/revisions"}],"predecessor-version":[{"id":1451,"href":"https:\/\/www.sudoestehoje.com.br\/novoportal\/wp-json\/wp\/v2\/posts\/1448\/revisions\/1451"}],"wp:attachment":[{"href":"https:\/\/www.sudoestehoje.com.br\/novoportal\/wp-json\/wp\/v2\/media?parent=1448"}],"wp:term":[{"taxonomy":"category","embeddable":true,"href":"https:\/\/www.sudoestehoje.com.br\/novoportal\/wp-json\/wp\/v2\/categories?post=1448"},{"taxonomy":"post_tag","embeddable":true,"href":"https:\/\/www.sudoestehoje.com.br\/novoportal\/wp-json\/wp\/v2\/tags?post=1448"}],"curies":[{"name":"wp","href":"https:\/\/api.w.org\/{rel}","templated":true}]}}