
{"id":14449,"date":"2012-04-09T17:10:59","date_gmt":"2012-04-09T20:10:59","guid":{"rendered":"http:\/\/www.sudoestehoje.com.br\/novoportal\/?p=14449"},"modified":"2012-04-09T17:10:59","modified_gmt":"2012-04-09T20:10:59","slug":"vexame-charles-proibe-ligar-refletores-do-primavera-e-jogo-acaba-na-escuridao","status":"publish","type":"post","link":"https:\/\/www.sudoestehoje.com.br\/novoportal\/2012\/04\/09\/vexame-charles-proibe-ligar-refletores-do-primavera-e-jogo-acaba-na-escuridao\/","title":{"rendered":"VEXAME: CHARLES PRO\u00cdBE LIGAR REFLETORES DO PRIMAVERA E JOGO ACABA NA ESCURID\u00c3O"},"content":{"rendered":"<p><img decoding=\"async\" class=\"aligncenter\" src=\"http:\/\/www.itapetinganews.com\/arquivos\/noticias\/capa_133398122938372.jpg\" alt=\"\" width=\"400\" \/><\/p>\n<p style=\"text-align: center;\"><em>Refletores n\u00e3o foram ligados e o jogo acabou no escuro<\/em><\/p>\n<p>&nbsp;<\/p>\n<p>ITAPETINGA: Um fato inusitado ocorreu neste domingo (8), no est\u00e1dio municipal de Itapetinga, o &#8216;Primaver\u00e3o&#8217;, quando uma partida entre as equipes do Gr\u00eamio da Nova Itapetinga e o Vasco da Gama, pelo campeonato municipal, teve que ser encerrada aos 38 minutos do segundo tempo, porque o secret\u00e1rio municipal de esportes, Charles Fabian (o ex-craque do Bahia) proibiu que os refletores do est\u00e1dio fossem ligados.<\/p>\n<p>Antes do apito final, o Gremio que\u00a0 vencia por 2 a 1, acabou cedendo o empate para o Vasco. \u00c0s escuras e sem nenhuma condi\u00e7\u00e3o de jogo, o \u00e1rbitro da partida \u00a0foi obrigado a interromper a partida, \u00a0gerando muita confus\u00e3o entre jorgadores e dirigentes do Gremio, que ficaram inconformados com o resultado.<\/p>\n<p>O secret\u00e1rio de esportes, Charles Fabian, tentou se defender do vexame dizendo que a ilumina\u00e7\u00e3o foi desativada porque precisa passar por reparos, enquanto os desportistas criticam a decis\u00e3o da prefeitura em efetuar os servi\u00e7os de manuten\u00e7\u00e3o bem no meio do campeonato municipal, prejudicando as equipes e os torcedores.<\/p>\n<p>Pelo visto, o &#8216;apag\u00e3o&#8217; no time do prefeito Z\u00e9 Carlos generalizou&#8230;<\/p>\n<p><strong><em>Por DAVI FERRAZ<\/em><\/strong><\/p>\n<p><em>Com informa\u00e7\u00f5es do Itapetinga News<\/em><\/p>\n","protected":false},"excerpt":{"rendered":"<p>Refletores n\u00e3o foram ligados e o jogo acabou no escuro &nbsp; ITAPETINGA: Um fato inusitado ocorreu neste domingo (8), no est\u00e1dio municipal de Itapetinga, o &#8216;Primaver\u00e3o&#8217;, quando uma partida entre as equipes do Gr\u00eamio da Nova Itapetinga e o Vasco da Gama, pelo campeonato municipal, teve que ser encerrada aos 38 minutos do segundo tempo, [&hellip;]<\/p>\n","protected":false},"author":2,"featured_media":0,"comment_status":"open","ping_status":"open","sticky":false,"template":"","format":"standard","meta":{"footnotes":"","_links_to":"","_links_to_target":""},"categories":[1],"tags":[],"class_list":["post-14449","post","type-post","status-publish","format-standard","hentry","category-geral"],"views":1382,"_links":{"self":[{"href":"https:\/\/www.sudoestehoje.com.br\/novoportal\/wp-json\/wp\/v2\/posts\/14449","targetHints":{"allow":["GET"]}}],"collection":[{"href":"https:\/\/www.sudoestehoje.com.br\/novoportal\/wp-json\/wp\/v2\/posts"}],"about":[{"href":"https:\/\/www.sudoestehoje.com.br\/novoportal\/wp-json\/wp\/v2\/types\/post"}],"author":[{"embeddable":true,"href":"https:\/\/www.sudoestehoje.com.br\/novoportal\/wp-json\/wp\/v2\/users\/2"}],"replies":[{"embeddable":true,"href":"https:\/\/www.sudoestehoje.com.br\/novoportal\/wp-json\/wp\/v2\/comments?post=14449"}],"version-history":[{"count":4,"href":"https:\/\/www.sudoestehoje.com.br\/novoportal\/wp-json\/wp\/v2\/posts\/14449\/revisions"}],"predecessor-version":[{"id":14453,"href":"https:\/\/www.sudoestehoje.com.br\/novoportal\/wp-json\/wp\/v2\/posts\/14449\/revisions\/14453"}],"wp:attachment":[{"href":"https:\/\/www.sudoestehoje.com.br\/novoportal\/wp-json\/wp\/v2\/media?parent=14449"}],"wp:term":[{"taxonomy":"category","embeddable":true,"href":"https:\/\/www.sudoestehoje.com.br\/novoportal\/wp-json\/wp\/v2\/categories?post=14449"},{"taxonomy":"post_tag","embeddable":true,"href":"https:\/\/www.sudoestehoje.com.br\/novoportal\/wp-json\/wp\/v2\/tags?post=14449"}],"curies":[{"name":"wp","href":"https:\/\/api.w.org\/{rel}","templated":true}]}}