
{"id":1443,"date":"2010-10-25T18:17:22","date_gmt":"2010-10-25T21:17:22","guid":{"rendered":"http:\/\/www.sudoestehoje.com.br\/novoportal\/?p=1443"},"modified":"2010-10-25T23:22:18","modified_gmt":"2010-10-26T02:22:18","slug":"itarantin-hospital-regional-nao-atende-por-falta-de-medicos","status":"publish","type":"post","link":"https:\/\/www.sudoestehoje.com.br\/novoportal\/2010\/10\/25\/itarantin-hospital-regional-nao-atende-por-falta-de-medicos\/","title":{"rendered":"Itarantin: Hospital Regional n\u00e3o atende por falta de m\u00e9dicos"},"content":{"rendered":"<p>\u00a0<\/p>\n<div>\n<p style=\"text-align: center;\"><a rel=\"lightbox[26436]\" href=\"http:\/\/www.blogdoanderson.com\/v2\/wp-content\/uploads\/2010\/10\/HOSPITAL.jpg\"><img loading=\"lazy\" decoding=\"async\" class=\"aligncenter\" title=\"HOSPITAL\" src=\"http:\/\/www.blogdoanderson.com\/v2\/wp-content\/uploads\/2010\/10\/HOSPITAL.jpg\" alt=\"\" width=\"320\" height=\"256\" \/><\/a><\/p>\n<p>\u00a0<\/p>\n<p>ITARANTIN: O blog\u00a0 Alerta Itarantim\u00a0d\u00e1 conta que o Hospital Regional de Itarantim passou toda a manh\u00e3 desta segunda-feira (25) sem nenhum m\u00e9dico. Segundo o blog, todos os pacientes que buscaram os servi\u00e7os tiveram que voltar para casa, a informa\u00e7\u00e3o de uma enfermeira que bloqueava a entrada. Um m\u00e9dico e uma enfermeira estavam escalados para o atendimento no pronto socorro, mas n\u00e3o pisaram os p\u00e9s no hospital da cidade de 19 mil habitantes.<\/p>\n<\/div>\n","protected":false},"excerpt":{"rendered":"<p>\u00a0 \u00a0 ITARANTIN: O blog\u00a0 Alerta Itarantim\u00a0d\u00e1 conta que o Hospital Regional de Itarantim passou toda a manh\u00e3 desta segunda-feira (25) sem nenhum m\u00e9dico. Segundo o blog, todos os pacientes que buscaram os servi\u00e7os tiveram que voltar para casa, a informa\u00e7\u00e3o de uma enfermeira que bloqueava a entrada. Um m\u00e9dico e uma enfermeira estavam escalados [&hellip;]<\/p>\n","protected":false},"author":2,"featured_media":0,"comment_status":"open","ping_status":"open","sticky":false,"template":"","format":"standard","meta":{"footnotes":"","_links_to":"","_links_to_target":""},"categories":[1],"tags":[],"class_list":["post-1443","post","type-post","status-publish","format-standard","hentry","category-geral"],"views":1604,"_links":{"self":[{"href":"https:\/\/www.sudoestehoje.com.br\/novoportal\/wp-json\/wp\/v2\/posts\/1443","targetHints":{"allow":["GET"]}}],"collection":[{"href":"https:\/\/www.sudoestehoje.com.br\/novoportal\/wp-json\/wp\/v2\/posts"}],"about":[{"href":"https:\/\/www.sudoestehoje.com.br\/novoportal\/wp-json\/wp\/v2\/types\/post"}],"author":[{"embeddable":true,"href":"https:\/\/www.sudoestehoje.com.br\/novoportal\/wp-json\/wp\/v2\/users\/2"}],"replies":[{"embeddable":true,"href":"https:\/\/www.sudoestehoje.com.br\/novoportal\/wp-json\/wp\/v2\/comments?post=1443"}],"version-history":[{"count":5,"href":"https:\/\/www.sudoestehoje.com.br\/novoportal\/wp-json\/wp\/v2\/posts\/1443\/revisions"}],"predecessor-version":[{"id":1447,"href":"https:\/\/www.sudoestehoje.com.br\/novoportal\/wp-json\/wp\/v2\/posts\/1443\/revisions\/1447"}],"wp:attachment":[{"href":"https:\/\/www.sudoestehoje.com.br\/novoportal\/wp-json\/wp\/v2\/media?parent=1443"}],"wp:term":[{"taxonomy":"category","embeddable":true,"href":"https:\/\/www.sudoestehoje.com.br\/novoportal\/wp-json\/wp\/v2\/categories?post=1443"},{"taxonomy":"post_tag","embeddable":true,"href":"https:\/\/www.sudoestehoje.com.br\/novoportal\/wp-json\/wp\/v2\/tags?post=1443"}],"curies":[{"name":"wp","href":"https:\/\/api.w.org\/{rel}","templated":true}]}}