
{"id":14405,"date":"2012-04-07T22:10:51","date_gmt":"2012-04-08T01:10:51","guid":{"rendered":"http:\/\/www.sudoestehoje.com.br\/novoportal\/?p=14405"},"modified":"2012-04-07T22:13:41","modified_gmt":"2012-04-08T01:13:41","slug":"ator-se-enforca-durante-encenacao-da-paixao-de-cristo","status":"publish","type":"post","link":"https:\/\/www.sudoestehoje.com.br\/novoportal\/2012\/04\/07\/ator-se-enforca-durante-encenacao-da-paixao-de-cristo\/","title":{"rendered":"ATOR SE ENFORCA DURANTE ENCENA\u00c7\u00c3O DA PAIX\u00c3O DE CRISTO"},"content":{"rendered":"<p><img decoding=\"async\" class=\"aligncenter\" src=\"http:\/\/www.midianews.com.br\/\/storage\/webdisco\/2012\/04\/07\/670x503\/49f6d1fe186735f9e3638dcc75e3ccb9.jpg\" alt=\"\" width=\"400\" \/><\/p>\n<p>&nbsp;<\/p>\n<p>O ator Thiago Klimeck, de 27 anos, se enforcou acidentalmente durante a encena\u00e7\u00e3o da Paix\u00e3o de Cristo em Itarar\u00e9, interior de S\u00e3o Paulo, na noite de sexta-feira (6).\u00a0Segundo a Guarda Municipal da cidade, por volta das 22h, o jovem, que interpretava o personagem Judas, passou a corda envolta do pesco\u00e7o para encenar o enforcamento.\u00a0Ele ficou 4 min sem se mexer at\u00e9 que os demais atores perceberea que ele estava insconsciente.Thiago Klimeck\u00a0\u00a0foi levado desacordado para o hospital Santa Casa de Miseric\u00f3dia.\u00a0Na manh\u00e3 deste s\u00e1bado (7), o ator foi transferido, em estado grave, para um hospital de S\u00e3o Paulo.\u00a0O caso ser\u00e1 investigado pela Pol\u00edcia Civil da cidade.\u00a0A pe\u00e7a era apresentada na pra\u00e7a Coronel Jord\u00e3o, na regi\u00e3o central da cidade. Com informa\u00e7\u00f5es da Folha de S. Paulo.<\/p>\n","protected":false},"excerpt":{"rendered":"<p>&nbsp; O ator Thiago Klimeck, de 27 anos, se enforcou acidentalmente durante a encena\u00e7\u00e3o da Paix\u00e3o de Cristo em Itarar\u00e9, interior de S\u00e3o Paulo, na noite de sexta-feira (6).\u00a0Segundo a Guarda Municipal da cidade, por volta das 22h, o jovem, que interpretava o personagem Judas, passou a corda envolta do pesco\u00e7o para encenar o enforcamento.\u00a0Ele [&hellip;]<\/p>\n","protected":false},"author":2,"featured_media":0,"comment_status":"open","ping_status":"open","sticky":false,"template":"","format":"standard","meta":{"footnotes":"","_links_to":"","_links_to_target":""},"categories":[1],"tags":[],"class_list":["post-14405","post","type-post","status-publish","format-standard","hentry","category-geral"],"views":1459,"_links":{"self":[{"href":"https:\/\/www.sudoestehoje.com.br\/novoportal\/wp-json\/wp\/v2\/posts\/14405","targetHints":{"allow":["GET"]}}],"collection":[{"href":"https:\/\/www.sudoestehoje.com.br\/novoportal\/wp-json\/wp\/v2\/posts"}],"about":[{"href":"https:\/\/www.sudoestehoje.com.br\/novoportal\/wp-json\/wp\/v2\/types\/post"}],"author":[{"embeddable":true,"href":"https:\/\/www.sudoestehoje.com.br\/novoportal\/wp-json\/wp\/v2\/users\/2"}],"replies":[{"embeddable":true,"href":"https:\/\/www.sudoestehoje.com.br\/novoportal\/wp-json\/wp\/v2\/comments?post=14405"}],"version-history":[{"count":4,"href":"https:\/\/www.sudoestehoje.com.br\/novoportal\/wp-json\/wp\/v2\/posts\/14405\/revisions"}],"predecessor-version":[{"id":14408,"href":"https:\/\/www.sudoestehoje.com.br\/novoportal\/wp-json\/wp\/v2\/posts\/14405\/revisions\/14408"}],"wp:attachment":[{"href":"https:\/\/www.sudoestehoje.com.br\/novoportal\/wp-json\/wp\/v2\/media?parent=14405"}],"wp:term":[{"taxonomy":"category","embeddable":true,"href":"https:\/\/www.sudoestehoje.com.br\/novoportal\/wp-json\/wp\/v2\/categories?post=14405"},{"taxonomy":"post_tag","embeddable":true,"href":"https:\/\/www.sudoestehoje.com.br\/novoportal\/wp-json\/wp\/v2\/tags?post=14405"}],"curies":[{"name":"wp","href":"https:\/\/api.w.org\/{rel}","templated":true}]}}