
{"id":14380,"date":"2012-04-06T23:06:46","date_gmt":"2012-04-07T02:06:46","guid":{"rendered":"http:\/\/www.sudoestehoje.com.br\/novoportal\/?p=14380"},"modified":"2012-04-06T23:06:46","modified_gmt":"2012-04-07T02:06:46","slug":"dema-distribui-150-cestas-basicas-na-semana-santa","status":"publish","type":"post","link":"https:\/\/www.sudoestehoje.com.br\/novoportal\/2012\/04\/06\/dema-distribui-150-cestas-basicas-na-semana-santa\/","title":{"rendered":"&#8216;DEMA&#8217; DISTRIBUI 150 CESTAS B\u00c1SICAS NA SEMANA SANTA"},"content":{"rendered":"<div id=\"attachment_14381\" style=\"width: 410px\" class=\"wp-caption aligncenter\"><a href=\"http:\/\/www.sudoestehoje.com.br\/novoportal\/wp-content\/uploads\/2012\/04\/DEMA.jpg\"><img decoding=\"async\" aria-describedby=\"caption-attachment-14381\" class=\" wp-image-14381 \" title=\"DEMA\" src=\"http:\/\/www.sudoestehoje.com.br\/novoportal\/wp-content\/uploads\/2012\/04\/DEMA-500x666.jpg\" alt=\"\" width=\"400\" srcset=\"https:\/\/www.sudoestehoje.com.br\/novoportal\/wp-content\/uploads\/2012\/04\/DEMA-500x666.jpg 500w, https:\/\/www.sudoestehoje.com.br\/novoportal\/wp-content\/uploads\/2012\/04\/DEMA-768x1024.jpg 768w\" sizes=\"(max-width: 500px) 100vw, 500px\" \/><\/a><p id=\"caption-attachment-14381\" class=\"wp-caption-text\">A doa\u00e7\u00e3o de cestas b\u00e1sicas foram feitas pelo l\u00edder comunit\u00e1rio &#39;Dema&#39;, pelo 22\u00ba ano consecutivo, atrav\u00e9s de arrecada\u00e7\u00e3o realizada junto ao com\u00e9rcio e comunidade.<\/p><\/div>\n<p>&nbsp;<\/p>\n<p>ITAPETINGA: Pelo 22\u00ba ano consecutivo, o l\u00edder comunit\u00e1rio Adem\u00e1rio Carlos Moreira, o conhecido &#8216;Dema do Ponto Certo&#8217;, distribuiu cestas b\u00e1sicas para pessoas carentes, durante a Semana Santa. Neste ano, a entrega das 150 cestas foi feita nesta quinta-feira (5), no Bar do Dema, e contou com a ajuda de amigos e comerciantes locais, que doaram parte dos g\u00eaneros aliment\u00edcios. Sensibilizado com ajuda recebida dos amigos, Dema agradece a todos os colaboradores, encarecidamente. Um gesto simples, mas de uma enorme grandeza. Parab\u00e9ns Dema!<\/p>\n<p><strong><em>Por DAVI FERRAZ\u00a0<\/em><\/strong><\/p>\n","protected":false},"excerpt":{"rendered":"<p>&nbsp; ITAPETINGA: Pelo 22\u00ba ano consecutivo, o l\u00edder comunit\u00e1rio Adem\u00e1rio Carlos Moreira, o conhecido &#8216;Dema do Ponto Certo&#8217;, distribuiu cestas b\u00e1sicas para pessoas carentes, durante a Semana Santa. Neste ano, a entrega das 150 cestas foi feita nesta quinta-feira (5), no Bar do Dema, e contou com a ajuda de amigos e comerciantes locais, que [&hellip;]<\/p>\n","protected":false},"author":2,"featured_media":0,"comment_status":"open","ping_status":"open","sticky":false,"template":"","format":"standard","meta":{"footnotes":"","_links_to":"","_links_to_target":""},"categories":[1],"tags":[],"class_list":["post-14380","post","type-post","status-publish","format-standard","hentry","category-geral"],"views":1309,"_links":{"self":[{"href":"https:\/\/www.sudoestehoje.com.br\/novoportal\/wp-json\/wp\/v2\/posts\/14380","targetHints":{"allow":["GET"]}}],"collection":[{"href":"https:\/\/www.sudoestehoje.com.br\/novoportal\/wp-json\/wp\/v2\/posts"}],"about":[{"href":"https:\/\/www.sudoestehoje.com.br\/novoportal\/wp-json\/wp\/v2\/types\/post"}],"author":[{"embeddable":true,"href":"https:\/\/www.sudoestehoje.com.br\/novoportal\/wp-json\/wp\/v2\/users\/2"}],"replies":[{"embeddable":true,"href":"https:\/\/www.sudoestehoje.com.br\/novoportal\/wp-json\/wp\/v2\/comments?post=14380"}],"version-history":[{"count":4,"href":"https:\/\/www.sudoestehoje.com.br\/novoportal\/wp-json\/wp\/v2\/posts\/14380\/revisions"}],"predecessor-version":[{"id":14385,"href":"https:\/\/www.sudoestehoje.com.br\/novoportal\/wp-json\/wp\/v2\/posts\/14380\/revisions\/14385"}],"wp:attachment":[{"href":"https:\/\/www.sudoestehoje.com.br\/novoportal\/wp-json\/wp\/v2\/media?parent=14380"}],"wp:term":[{"taxonomy":"category","embeddable":true,"href":"https:\/\/www.sudoestehoje.com.br\/novoportal\/wp-json\/wp\/v2\/categories?post=14380"},{"taxonomy":"post_tag","embeddable":true,"href":"https:\/\/www.sudoestehoje.com.br\/novoportal\/wp-json\/wp\/v2\/tags?post=14380"}],"curies":[{"name":"wp","href":"https:\/\/api.w.org\/{rel}","templated":true}]}}