
{"id":14338,"date":"2012-04-06T20:50:45","date_gmt":"2012-04-06T23:50:45","guid":{"rendered":"http:\/\/www.sudoestehoje.com.br\/novoportal\/?p=14338"},"modified":"2012-04-06T20:50:45","modified_gmt":"2012-04-06T23:50:45","slug":"macarani-comemora-68-anos-de-emancipacao-com-festa-e-inauguracoes","status":"publish","type":"post","link":"https:\/\/www.sudoestehoje.com.br\/novoportal\/2012\/04\/06\/macarani-comemora-68-anos-de-emancipacao-com-festa-e-inauguracoes\/","title":{"rendered":"MACARANI COMEMORA 68 ANOS DE EMANCIPA\u00c7\u00c3O COM FESTA E INAUGURA\u00c7\u00d5ES"},"content":{"rendered":"<p><img decoding=\"async\" class=\"aligncenter\" src=\"http:\/\/1.bp.blogspot.com\/-EmP1qJ6CV0k\/T32B0mTObfI\/AAAAAAAAEhk\/0g--AqHSzjg\/s1600\/Inaugura%C3%A7%C3%A3o+PSF+do+centro+da+cidade.jpg\" alt=\"\" width=\"400\" \/><\/p>\n<p>&nbsp;<\/p>\n<p>A prefeitura de Macarani comemorou com a comunidade os 68 anos de emancipa\u00e7\u00e3o\/pol\u00edtica do munic\u00edpio com muita festa e inaugura\u00e7\u00e3o de importantes obras, que se somam a tantas outras j\u00e1 entregues \u00e0 popula\u00e7\u00e3o e que tem elevado Macarani \u00e0 condi\u00e7\u00e3o de cidade que mais cresce no interior da Bahia.<\/p>\n<p>A primeira inaugura\u00e7\u00e3o foi o Centro de Inclus\u00e3o digital comunit\u00e1rio que vai atender estudantes do Bairro Marjorie Parque, o mais populoso da cidade. Atendendo ao chamamento da administra\u00e7\u00e3o, uma multid\u00e3o se formou frente ao local e, ap\u00f3s a inaugura\u00e7\u00e3o, puderam conferir a estrutura moderna do Telecentro, constru\u00eddo com recursos pr\u00f3prios da prefeitura. Os equipamentos foram cedidos pelo Minist\u00e9rio das Comunica\u00e7\u00f5es e somam 11 computadores de \u00faltima gera\u00e7\u00e3o e internet banda larga via sat\u00e9lite.<\/p>\n<p>Em seguida, o prefeito Carlinhos entregou \u00e0 popula\u00e7\u00e3o a sede da Guarda Civil Municipal, tamb\u00e9m no Marjorie Parque, localidade onde se tem verificado um maior n\u00famero de incidentes entre pessoas, principalmente jovens, o que dever\u00e1 desaparecer com a presen\u00e7a da GCM, cuja fun\u00e7\u00e3o ser\u00e1 auxiliar as policias civil e militar no trabalho de seguran\u00e7a p\u00fablica. A Guarda Municipal conta com um efetivo inicial de 35 policiais, sendo 08 mulheres. A prefeitura comprou um Fiat Uno e o padronizou para ser utilizado em rondas e urg\u00eancia e, segundo o prefeito Carlinhos, duas motos ser\u00e3o adquiridas para facilitar o acesso dos GCMs no trabalho de patrulhamento. O comando da Guarda \u00e9 do Policial Militar Marcos Humberto (Marc\u00e3o).<!--more--><\/p>\n<p>A popula\u00e7\u00e3o comparecer em massa para prestigiar o evento e agradeceu ao prefeito por esta importante a\u00e7\u00e3o que, certamente, dar\u00e1 mais tranquilidade a comunidade, em especial, aos moradores do Marjorie.<\/p>\n<p>Em comitiva, acompanhado pelo pov\u00e3o, o prefeito Carlinhos seguiu para o Bairro Santa Elizabete onde inaugurou a Pra\u00e7a Jos\u00e9 Tib\u00e9rio. O espa\u00e7o era abandonado e escuro o que facilitava a a\u00e7\u00e3o de v\u00e2ndalos e pessoas mal intencionadas. Num encontro com os moradores da localidade, foi pedido ao prefeito a infraestrutura do local, o que foram prontamente atendidos com o comprometimento de inaugura\u00e7\u00e3o em 90 dias, como aconteceu.<\/p>\n<p>Uma moderna pra\u00e7a foi constru\u00edda com recursos pr\u00f3prios para alegria dos habitantes da localidade. Foi inclu\u00eddo no projeto rampa de acesso para deficientes f\u00edsicos, bancos de descanso, ilumina\u00e7\u00e3o especial, canteiros urbanizados e \u00e1rvores ornamentais. No ato inaugural, o ex-prefeito Armando Porto fez uso da palavra e destacou o empenho da atual administra\u00e7\u00e3o em manter um cronograma de obras a cada tr\u00eas meses. &#8220;S\u00e3o tantas obras Carlinhos, que \u00e9 preciso list\u00e1-las para divulgar&#8221;, disse ele, que conclamou os moradores &#8220;a ajudar a administra\u00e7\u00e3o no cuidado com os bens p\u00fablicos&#8221;.<\/p>\n<p>Por \u00faltimo, foi inaugurado o esperado PSF do centro da cidade. O Centro de Sa\u00fade recebeu, por Lei, o nome de Landulfo Fernandes, vereador eleito nas \u00faltimas elei\u00e7\u00f5es e que morreu no ano passado. A fam\u00edlia do homenageado foi convidada e agradeceu ao prefeito pela lembran\u00e7a. A vi\u00fava do ex-vereador, Taty Fernandes, em seu discurso, fez uma breve biografia de Landulfo, destacando suas qualidades como pessoa, esposo e pol\u00edtico.<\/p>\n<p>A diretora da 14\u00aa DIRES Carolina Rebou\u00e7as compareceu ao ato inaugural, acompanhada do t\u00e9cnico Derisval Santos que destacou, em discurso, a seriedade com que a administra\u00e7\u00e3o de Macarani trata as a\u00e7\u00f5es do SUS. Ele enalteceu a qualidade da obra e sua import\u00e2ncia para a comunidade local.<\/p>\n<p>O ex-prefeito Armando Porto voltou a fazer uso da palavra, desta vez, para conclamar a popula\u00e7\u00e3o a lutar pela continuidade &#8220;desse projeto pol\u00edtico que vem transformando Macarani. O n\u00famero de constru\u00e7\u00f5es ou reformas pela cidade \u00e9 o mais forte indicativo do crescimento da cidade e isso se deve ao empenho do prefeito em construir obras de qualidade e entregar \u00e0 popula\u00e7\u00e3o em inaugura\u00e7\u00f5es que se sucedem. Esse \u00e9 o projeto do nosso grupo e a popula\u00e7\u00e3o precisa ser parceira para que o munic\u00edpio continue crescendo&#8221;.<\/p>\n<p>A secret\u00e1ria municipal de sa\u00fade, Rosa Damasceno, agradeceu ao prefeito pelos investimentos feitos em sua pasta e destacou a import\u00e2ncia da Unidade de Sa\u00fade para a popula\u00e7\u00e3o do centro da cidade.<\/p>\n<p>O prefeito Carlinhos encerrou a solenidade enaltecendo a import\u00e2ncia do ex-vereador Landulfo Fernandes no contexto pol\u00edtico municipal, por isso a indica\u00e7\u00e3o do seu nome ao PSF ora inaugurado. Sobre a Unidade de Sa\u00fade, o gestor municipal agradeceu o empenho dos profissionais que o erigiram. O PSF impressiona pela arquitetura moderna e arrojada, estampada j\u00e1 na entrada de portas de vidro e recep\u00e7\u00e3o com TV e cadeiras de almofada, salas de enfermagem, esteriliza\u00e7\u00e3o, farm\u00e1cia, consult\u00f3rios ginecol\u00f3gico, cl\u00ednico e odontol\u00f3gico e espa\u00e7o did\u00e1tico de sa\u00fade bucal e escova\u00e7\u00e3o.<\/p>\n<p>O prefeito Carlinhos aproveitou da oportunidade para anunciar a constru\u00e7\u00e3o de um novo PSF no Bairro Marjorie Parque e a conclus\u00e3o, em breve, da Unidade do Bairro Sobral Bentes. &#8220;Estamos trabalhando muito para que Macarani seja uma cidade melhor para se viver&#8221; Concluiu o prefeito Carlinhos.<\/p>\n<p><strong><em>Ascom Jota Santos\u00a0<\/em><\/strong><\/p>\n","protected":false},"excerpt":{"rendered":"<p>&nbsp; A prefeitura de Macarani comemorou com a comunidade os 68 anos de emancipa\u00e7\u00e3o\/pol\u00edtica do munic\u00edpio com muita festa e inaugura\u00e7\u00e3o de importantes obras, que se somam a tantas outras j\u00e1 entregues \u00e0 popula\u00e7\u00e3o e que tem elevado Macarani \u00e0 condi\u00e7\u00e3o de cidade que mais cresce no interior da Bahia. A primeira inaugura\u00e7\u00e3o foi o [&hellip;]<\/p>\n","protected":false},"author":2,"featured_media":0,"comment_status":"open","ping_status":"open","sticky":false,"template":"","format":"standard","meta":{"footnotes":"","_links_to":"","_links_to_target":""},"categories":[1],"tags":[],"class_list":["post-14338","post","type-post","status-publish","format-standard","hentry","category-geral"],"views":1832,"_links":{"self":[{"href":"https:\/\/www.sudoestehoje.com.br\/novoportal\/wp-json\/wp\/v2\/posts\/14338","targetHints":{"allow":["GET"]}}],"collection":[{"href":"https:\/\/www.sudoestehoje.com.br\/novoportal\/wp-json\/wp\/v2\/posts"}],"about":[{"href":"https:\/\/www.sudoestehoje.com.br\/novoportal\/wp-json\/wp\/v2\/types\/post"}],"author":[{"embeddable":true,"href":"https:\/\/www.sudoestehoje.com.br\/novoportal\/wp-json\/wp\/v2\/users\/2"}],"replies":[{"embeddable":true,"href":"https:\/\/www.sudoestehoje.com.br\/novoportal\/wp-json\/wp\/v2\/comments?post=14338"}],"version-history":[{"count":5,"href":"https:\/\/www.sudoestehoje.com.br\/novoportal\/wp-json\/wp\/v2\/posts\/14338\/revisions"}],"predecessor-version":[{"id":14373,"href":"https:\/\/www.sudoestehoje.com.br\/novoportal\/wp-json\/wp\/v2\/posts\/14338\/revisions\/14373"}],"wp:attachment":[{"href":"https:\/\/www.sudoestehoje.com.br\/novoportal\/wp-json\/wp\/v2\/media?parent=14338"}],"wp:term":[{"taxonomy":"category","embeddable":true,"href":"https:\/\/www.sudoestehoje.com.br\/novoportal\/wp-json\/wp\/v2\/categories?post=14338"},{"taxonomy":"post_tag","embeddable":true,"href":"https:\/\/www.sudoestehoje.com.br\/novoportal\/wp-json\/wp\/v2\/tags?post=14338"}],"curies":[{"name":"wp","href":"https:\/\/api.w.org\/{rel}","templated":true}]}}