
{"id":14308,"date":"2012-04-05T09:53:20","date_gmt":"2012-04-05T12:53:20","guid":{"rendered":"http:\/\/www.sudoestehoje.com.br\/novoportal\/?p=14308"},"modified":"2012-04-05T12:26:37","modified_gmt":"2012-04-05T15:26:37","slug":"verba-de-gabinete-2","status":"publish","type":"post","link":"https:\/\/www.sudoestehoje.com.br\/novoportal\/2012\/04\/05\/verba-de-gabinete-2\/","title":{"rendered":"VERBA DE GABINETE 2"},"content":{"rendered":"<div>A dire\u00e7\u00e3o da Assembleia Legislativa tem conhecimento da forma e da pr\u00e1tica. Quando questionada \u2013 isso quando havia questionamento &#8211; a resposta \u00e9, ou era, sistematicamente a mesma: esta verba \u00e9 do parlamentar. Ele a usa conforme a sua necessidade. Roberto Carlos foi pin\u00e7ado por uma dessas circunst\u00e2ncias: ter nome de cantor, entender o procedimento como \u201cdetalhes\u201d ou se assemelhar a um Tiririca do Nordeste. E o que far\u00e3o os deputados agora que a Pol\u00edcia Federal passou a agir? Demitir os funcion\u00e1rios em \u201cexcessos\u201d? Lan\u00e7ar a sacolinha com a qual recolhem o d\u00edzimo na mar\u00e9? Ou esperar, na suposi\u00e7\u00e3o de que se forem prender todos os que praticam o malfeito cerca-se o Legislativo seguindo a ordem do velho samba \u201cquem est\u00e1 fora n\u00e3o entra, quem est\u00e1 dentro n\u00e3o sai?\u201d.<\/div>\n","protected":false},"excerpt":{"rendered":"<p>A dire\u00e7\u00e3o da Assembleia Legislativa tem conhecimento da forma e da pr\u00e1tica. Quando questionada \u2013 isso quando havia questionamento &#8211; a resposta \u00e9, ou era, sistematicamente a mesma: esta verba \u00e9 do parlamentar. Ele a usa conforme a sua necessidade. Roberto Carlos foi pin\u00e7ado por uma dessas circunst\u00e2ncias: ter nome de cantor, entender o procedimento [&hellip;]<\/p>\n","protected":false},"author":2,"featured_media":0,"comment_status":"open","ping_status":"open","sticky":false,"template":"","format":"standard","meta":{"footnotes":"","_links_to":"","_links_to_target":""},"categories":[11],"tags":[],"class_list":["post-14308","post","type-post","status-publish","format-standard","hentry","category-quentinhas"],"views":1358,"_links":{"self":[{"href":"https:\/\/www.sudoestehoje.com.br\/novoportal\/wp-json\/wp\/v2\/posts\/14308","targetHints":{"allow":["GET"]}}],"collection":[{"href":"https:\/\/www.sudoestehoje.com.br\/novoportal\/wp-json\/wp\/v2\/posts"}],"about":[{"href":"https:\/\/www.sudoestehoje.com.br\/novoportal\/wp-json\/wp\/v2\/types\/post"}],"author":[{"embeddable":true,"href":"https:\/\/www.sudoestehoje.com.br\/novoportal\/wp-json\/wp\/v2\/users\/2"}],"replies":[{"embeddable":true,"href":"https:\/\/www.sudoestehoje.com.br\/novoportal\/wp-json\/wp\/v2\/comments?post=14308"}],"version-history":[{"count":2,"href":"https:\/\/www.sudoestehoje.com.br\/novoportal\/wp-json\/wp\/v2\/posts\/14308\/revisions"}],"predecessor-version":[{"id":14321,"href":"https:\/\/www.sudoestehoje.com.br\/novoportal\/wp-json\/wp\/v2\/posts\/14308\/revisions\/14321"}],"wp:attachment":[{"href":"https:\/\/www.sudoestehoje.com.br\/novoportal\/wp-json\/wp\/v2\/media?parent=14308"}],"wp:term":[{"taxonomy":"category","embeddable":true,"href":"https:\/\/www.sudoestehoje.com.br\/novoportal\/wp-json\/wp\/v2\/categories?post=14308"},{"taxonomy":"post_tag","embeddable":true,"href":"https:\/\/www.sudoestehoje.com.br\/novoportal\/wp-json\/wp\/v2\/tags?post=14308"}],"curies":[{"name":"wp","href":"https:\/\/api.w.org\/{rel}","templated":true}]}}