
{"id":14301,"date":"2012-04-05T00:18:56","date_gmt":"2012-04-05T03:18:56","guid":{"rendered":"http:\/\/www.sudoestehoje.com.br\/novoportal\/?p=14301"},"modified":"2012-04-05T00:18:56","modified_gmt":"2012-04-05T03:18:56","slug":"ze-otavio-diz-que-nao-e-candidato-e-defende-uniao-das-oposicoes","status":"publish","type":"post","link":"https:\/\/www.sudoestehoje.com.br\/novoportal\/2012\/04\/05\/ze-otavio-diz-que-nao-e-candidato-e-defende-uniao-das-oposicoes\/","title":{"rendered":"Z\u00c9 OT\u00c1VIO DIZ QUE N\u00c3O \u00c9 CANDIDATO E DEFENDE UNI\u00c3O DAS OPOSI\u00c7\u00d5ES"},"content":{"rendered":"<p><img decoding=\"async\" class=\"aligncenter\" src=\"http:\/\/www.sudoestehoje.com.br\/novoportal\/wp-content\/uploads\/2011\/08\/GEDC0225.jpg\" alt=\"\" width=\"400\" \/><\/p>\n<p>&nbsp;<\/p>\n<p>ITAPETINGA: Durante uma entrevista concedida ao radialista Edilson Lima, na manh\u00e3 desta quarta\u2013feira (04), o ex-prefeito de Itapetinga, Jos\u00e9 Otavio Curvelo (DEM), disse que a cidade\u00a0retrocedeu com a atual administra\u00e7\u00e3o. Favorito em todas as pesquisas at\u00e9 agora realizadas, Z\u00e9 Ot\u00e1vio tem se esquivado a todo custo de disputar qualquer cargo eletivo. \u201cContinuo no mesmo pensamento de quatro anos atr\u00e1s sobre \u00a0minha carreira\u00a0de executivo que se encerrou. Procurei ajudar no que pude\u201d, declarou o l\u00edder democrata.<\/p>\n<p>Dr. Jos\u00e9 Ot\u00e1vio disse ainda que se \u00a0a popula\u00e7\u00e3o estivesse acreditado em Renan Pereira nas \u00faltimas elei\u00e7\u00f5es a situa\u00e7\u00e3o seria diferente. O ex-prefeito n\u00e3o economizou cr\u00edticas a atual gest\u00e3o. Segundo ele o povo depositou confian\u00e7a no atual prefeito, mas infelizmente o mesmo n\u00e3o correspondeu as expectativas.<\/p>\n<p>Questionado sobre uma possivel uni\u00e3o das oposi\u00e7\u00f5es para compor uma alian\u00e7a para a disputar as proximas elei\u00e7\u00f5es, Dr. Jos\u00e9 Ot\u00e1vio citou que deve haver uma composi\u00e7\u00e3o entre a oposi\u00e7\u00e3o, em rela\u00e7\u00e3o tamb\u00e9m as declara\u00e7\u00f5es do ex-ministro da integra\u00e7\u00e3o Nacional Geddel Vieira Lima que teve ampla repercus\u00e3o na imprensa esta semana. \u201c\u00c9 poss\u00edvel que haja uma composi\u00e7\u00e3o, por\u00e9m que essa uni\u00e3o n\u00e3o seja apenas para derrotar o advers\u00e1rio, mas que tenha um projeto pol\u00edtico. \u00a0A popula\u00e7\u00e3o tem que entender tem que que haver um projeto para que Itapetinga possa voltar a crescer. Infelizmente a cidade est\u00e1 estagnada, o comercio est\u00e1 abalado\u201d, disse ele.<\/p>\n<p>Ot\u00e1vio disse \u00a0que na semana que vem o Democratas vai indicar o nome do partido para que possa apresentar na mesa de negocia\u00e7\u00f5es, ou seja, uma possivel uni\u00e3o entre DEM e PMDB para derrotar o atual prefeito Jos\u00e9 Carlos Moura (PT), que sofre rejei\u00e7\u00e3o por boa parte da popula\u00e7\u00e3o e de \u201ccompanheiros\u201d do pr\u00f3prio partido.<\/p>\n<p>Informa\u00e7\u00f5es do <em>Itapetinga News<\/em><\/p>\n","protected":false},"excerpt":{"rendered":"<p>&nbsp; ITAPETINGA: Durante uma entrevista concedida ao radialista Edilson Lima, na manh\u00e3 desta quarta\u2013feira (04), o ex-prefeito de Itapetinga, Jos\u00e9 Otavio Curvelo (DEM), disse que a cidade\u00a0retrocedeu com a atual administra\u00e7\u00e3o. Favorito em todas as pesquisas at\u00e9 agora realizadas, Z\u00e9 Ot\u00e1vio tem se esquivado a todo custo de disputar qualquer cargo eletivo. \u201cContinuo no mesmo [&hellip;]<\/p>\n","protected":false},"author":2,"featured_media":0,"comment_status":"open","ping_status":"open","sticky":false,"template":"","format":"standard","meta":{"footnotes":"","_links_to":"","_links_to_target":""},"categories":[1],"tags":[],"class_list":["post-14301","post","type-post","status-publish","format-standard","hentry","category-geral"],"views":1506,"_links":{"self":[{"href":"https:\/\/www.sudoestehoje.com.br\/novoportal\/wp-json\/wp\/v2\/posts\/14301","targetHints":{"allow":["GET"]}}],"collection":[{"href":"https:\/\/www.sudoestehoje.com.br\/novoportal\/wp-json\/wp\/v2\/posts"}],"about":[{"href":"https:\/\/www.sudoestehoje.com.br\/novoportal\/wp-json\/wp\/v2\/types\/post"}],"author":[{"embeddable":true,"href":"https:\/\/www.sudoestehoje.com.br\/novoportal\/wp-json\/wp\/v2\/users\/2"}],"replies":[{"embeddable":true,"href":"https:\/\/www.sudoestehoje.com.br\/novoportal\/wp-json\/wp\/v2\/comments?post=14301"}],"version-history":[{"count":2,"href":"https:\/\/www.sudoestehoje.com.br\/novoportal\/wp-json\/wp\/v2\/posts\/14301\/revisions"}],"predecessor-version":[{"id":14303,"href":"https:\/\/www.sudoestehoje.com.br\/novoportal\/wp-json\/wp\/v2\/posts\/14301\/revisions\/14303"}],"wp:attachment":[{"href":"https:\/\/www.sudoestehoje.com.br\/novoportal\/wp-json\/wp\/v2\/media?parent=14301"}],"wp:term":[{"taxonomy":"category","embeddable":true,"href":"https:\/\/www.sudoestehoje.com.br\/novoportal\/wp-json\/wp\/v2\/categories?post=14301"},{"taxonomy":"post_tag","embeddable":true,"href":"https:\/\/www.sudoestehoje.com.br\/novoportal\/wp-json\/wp\/v2\/tags?post=14301"}],"curies":[{"name":"wp","href":"https:\/\/api.w.org\/{rel}","templated":true}]}}