
{"id":1427,"date":"2010-10-25T17:18:23","date_gmt":"2010-10-25T20:18:23","guid":{"rendered":"http:\/\/www.sudoestehoje.com.br\/novoportal\/?p=1427"},"modified":"2010-10-25T17:19:55","modified_gmt":"2010-10-25T20:19:55","slug":"desceu-o-cacete","status":"publish","type":"post","link":"https:\/\/www.sudoestehoje.com.br\/novoportal\/2010\/10\/25\/desceu-o-cacete\/","title":{"rendered":"DESCEU O CAC\u00caTE"},"content":{"rendered":"<p style=\"text-align: center;\"><a id=\"apf9\" href=\"http:\/\/www.google.com.br\/imgres?imgurl=http:\/\/www.redeimprensalivre.com.br\/wp-content\/uploads\/2010\/08\/uldurico1.jpg&amp;imgrefurl=http:\/\/www.redeimprensalivre.com.br\/archives\/7629&amp;usg=__nEcJqXm59wbX_uHg_fAqeqAXSm8=&amp;h=418&amp;w=287&amp;sz=86&amp;hl=pt-br&amp;start=10&amp;zoom=1&amp;um=1&amp;itbs=1&amp;tbnid=IIe17LY_ma67-M:&amp;tbnh=125&amp;tbnw=86&amp;prev=\/images%3Fq%3Duldorico%2Bpinto%26um%3D1%26hl%3Dpt-br%26sa%3DN%26rlz%3D1R2SKPB_pt-BRBR354%26ndsp%3D20%26tbs%3Disch:1\"><img loading=\"lazy\" decoding=\"async\" id=\"ipfIIe17LY_ma67-M:\" class=\"aligncenter\" src=\"http:\/\/t1.gstatic.com\/images?q=tbn:IIe17LY_ma67-M:http:\/\/www.redeimprensalivre.com.br\/wp-content\/uploads\/2010\/08\/uldurico1.jpg\" alt=\"\" width=\"86\" height=\"125\" \/><\/a>\u00a0<\/p>\n<p>Na R\u00e1dio Jornal n\u00e3o se pode falar mal nem criticar o prefeito, pois \u00e9 ele (a prefeitura)\u00a0quem &#8216;paga&#8217; a conta. Mas a r\u00e1dio n\u00e3o \u00e9 do prefeito e o seu dono, o deputado Uldurico Pinto, pode falar o que bem quiser nela, pois a emissora\u00a0\u00e9 dele. E assim foi feito, na \u00faltima sexta-feira, quando Uldurico, revoltado, desceu o malho no prefeito e seu irm\u00e3o secret\u00e1rio.\u00a0O motivo da demanda s\u00e3o os constantes atrasos no pagamento dos alugu\u00e9is da emissora, alugada para\u00a0o irm\u00e3o do prefeito, atrav\u00e9s de laranjas e acerolas.\u00a0Pena que n\u00e3o\u00a0ouv\u00ed o programa nem tenho a grava\u00e7\u00e3o&#8230;<\/p>\n","protected":false},"excerpt":{"rendered":"<p>\u00a0 Na R\u00e1dio Jornal n\u00e3o se pode falar mal nem criticar o prefeito, pois \u00e9 ele (a prefeitura)\u00a0quem &#8216;paga&#8217; a conta. Mas a r\u00e1dio n\u00e3o \u00e9 do prefeito e o seu dono, o deputado Uldurico Pinto, pode falar o que bem quiser nela, pois a emissora\u00a0\u00e9 dele. E assim foi feito, na \u00faltima sexta-feira, quando [&hellip;]<\/p>\n","protected":false},"author":2,"featured_media":0,"comment_status":"open","ping_status":"open","sticky":false,"template":"","format":"standard","meta":{"footnotes":"","_links_to":"","_links_to_target":""},"categories":[11],"tags":[],"class_list":["post-1427","post","type-post","status-publish","format-standard","hentry","category-quentinhas"],"views":1174,"_links":{"self":[{"href":"https:\/\/www.sudoestehoje.com.br\/novoportal\/wp-json\/wp\/v2\/posts\/1427","targetHints":{"allow":["GET"]}}],"collection":[{"href":"https:\/\/www.sudoestehoje.com.br\/novoportal\/wp-json\/wp\/v2\/posts"}],"about":[{"href":"https:\/\/www.sudoestehoje.com.br\/novoportal\/wp-json\/wp\/v2\/types\/post"}],"author":[{"embeddable":true,"href":"https:\/\/www.sudoestehoje.com.br\/novoportal\/wp-json\/wp\/v2\/users\/2"}],"replies":[{"embeddable":true,"href":"https:\/\/www.sudoestehoje.com.br\/novoportal\/wp-json\/wp\/v2\/comments?post=1427"}],"version-history":[{"count":3,"href":"https:\/\/www.sudoestehoje.com.br\/novoportal\/wp-json\/wp\/v2\/posts\/1427\/revisions"}],"predecessor-version":[{"id":1429,"href":"https:\/\/www.sudoestehoje.com.br\/novoportal\/wp-json\/wp\/v2\/posts\/1427\/revisions\/1429"}],"wp:attachment":[{"href":"https:\/\/www.sudoestehoje.com.br\/novoportal\/wp-json\/wp\/v2\/media?parent=1427"}],"wp:term":[{"taxonomy":"category","embeddable":true,"href":"https:\/\/www.sudoestehoje.com.br\/novoportal\/wp-json\/wp\/v2\/categories?post=1427"},{"taxonomy":"post_tag","embeddable":true,"href":"https:\/\/www.sudoestehoje.com.br\/novoportal\/wp-json\/wp\/v2\/tags?post=1427"}],"curies":[{"name":"wp","href":"https:\/\/api.w.org\/{rel}","templated":true}]}}