
{"id":14264,"date":"2012-04-03T22:38:03","date_gmt":"2012-04-04T01:38:03","guid":{"rendered":"http:\/\/www.sudoestehoje.com.br\/novoportal\/?p=14264"},"modified":"2012-04-03T22:38:03","modified_gmt":"2012-04-04T01:38:03","slug":"nota-publica-do-pt","status":"publish","type":"post","link":"https:\/\/www.sudoestehoje.com.br\/novoportal\/2012\/04\/03\/nota-publica-do-pt\/","title":{"rendered":"NOTA P\u00daBLICA DO PT"},"content":{"rendered":"<p style=\"text-align: center;\" align=\"center\">\n<p style=\"text-align: center;\" align=\"center\"><img decoding=\"async\" src=\"http:\/\/2.bp.blogspot.com\/_R3iK7EeI4rg\/TJb9gCRJKCI\/AAAAAAAAAUI\/DDnd524_5Gs\/s1600\/PT.png\" alt=\"\" width=\"200\" \/><\/p>\n<p style=\"text-align: center;\" align=\"center\">\n<p style=\"text-align: center;\" align=\"center\"><strong>Partido dos Trabalhadores &#8211; PT<\/strong><\/p>\n<p style=\"text-align: center;\" align=\"center\"><strong><span style=\"text-decoration: underline;\">Diret\u00f3rio Municipal de Itapetinga-Bahia<\/span><\/strong><\/p>\n<p style=\"text-align: center;\" align=\"center\"><strong>\u00a0<\/strong><\/p>\n<p style=\"text-align: center;\" align=\"center\"><strong>NOTA P\u00daBLICA<\/strong><\/p>\n<p>&nbsp;<\/p>\n<p>A Executiva Municipal do Partido dos Trabalhadores \u2013 PT, em fun\u00e7\u00e3o da reuni\u00e3o realizada pelo Diret\u00f3rio local no \u00faltimo domingo (01), com a presen\u00e7a do seu Presidente Estadual, Sr. JONAS PAULO, vem de p\u00fablico fazer os seguintes esclarecimentos:<\/p>\n<p>1- Em todo este processo, a dire\u00e7\u00e3o local, tem primado por realizar seu processo eleitoral, de forma transparente e participativa, pois estas condicionantes s\u00e3o premissas b\u00e1sicas dentro do PT;<\/p>\n<p>2- A Realiza\u00e7\u00e3o de pr\u00e9vias \u00e9 um instrumento interno e democr\u00e1tico do partido, para escolha de seus candidatos, e que n\u00e3o \u00e9 a primeira vez que isso ocorre em nosso munic\u00edpio;<\/p>\n<p>3- O processo das pr\u00e9vias est\u00e1 legitimamente documentado perante as inst\u00e2ncias municipal e estadual, no entanto, visando a participa\u00e7\u00e3o popular neste processo, fora acordado \u00a0entre os membros do partido, que a sociedade tamb\u00e9m dever\u00e1 ser consultada a se manifestar a respeito do mesmo e assim, ficou combinado a realiza\u00e7\u00e3o de uma pesquisa de opini\u00e3o p\u00fablica, onde teremos a exata certeza de como iremos proceder. Desta forma, as \u00a0pesquisas servir\u00e3o como elemento norteador de nossa decis\u00e3o, por\u00e9m, n\u00e3o descartando, caso seja necess\u00e1rio, a realiza\u00e7\u00e3o da consulta interna;<\/p>\n<p>4- Esclarecemos ainda, que nenhuma \u00f3rg\u00e3o de imprensa ou pessoas desautorizadas est\u00e3o aptas a falar ou se pronunciar em nome do Partido dos Trabalhadores, esta prerrogativa\u00a0 legitimamente est\u00e1 concedida a sua executiva municipal;<\/p>\n<p style=\"text-align: center;\">\u00a0Atenciosamente,<\/p>\n<p style=\"text-align: center;\">\n<p style=\"text-align: center;\"><strong>Reginaldo Quadros<\/strong><\/p>\n<p style=\"text-align: center;\"><strong>Secret\u00e1rio Geral<\/strong><\/p>\n","protected":false},"excerpt":{"rendered":"<p>Partido dos Trabalhadores &#8211; PT Diret\u00f3rio Municipal de Itapetinga-Bahia \u00a0 NOTA P\u00daBLICA &nbsp; A Executiva Municipal do Partido dos Trabalhadores \u2013 PT, em fun\u00e7\u00e3o da reuni\u00e3o realizada pelo Diret\u00f3rio local no \u00faltimo domingo (01), com a presen\u00e7a do seu Presidente Estadual, Sr. JONAS PAULO, vem de p\u00fablico fazer os seguintes esclarecimentos: 1- Em todo este [&hellip;]<\/p>\n","protected":false},"author":2,"featured_media":0,"comment_status":"open","ping_status":"open","sticky":false,"template":"","format":"standard","meta":{"footnotes":"","_links_to":"","_links_to_target":""},"categories":[1],"tags":[],"class_list":["post-14264","post","type-post","status-publish","format-standard","hentry","category-geral"],"views":1605,"_links":{"self":[{"href":"https:\/\/www.sudoestehoje.com.br\/novoportal\/wp-json\/wp\/v2\/posts\/14264","targetHints":{"allow":["GET"]}}],"collection":[{"href":"https:\/\/www.sudoestehoje.com.br\/novoportal\/wp-json\/wp\/v2\/posts"}],"about":[{"href":"https:\/\/www.sudoestehoje.com.br\/novoportal\/wp-json\/wp\/v2\/types\/post"}],"author":[{"embeddable":true,"href":"https:\/\/www.sudoestehoje.com.br\/novoportal\/wp-json\/wp\/v2\/users\/2"}],"replies":[{"embeddable":true,"href":"https:\/\/www.sudoestehoje.com.br\/novoportal\/wp-json\/wp\/v2\/comments?post=14264"}],"version-history":[{"count":7,"href":"https:\/\/www.sudoestehoje.com.br\/novoportal\/wp-json\/wp\/v2\/posts\/14264\/revisions"}],"predecessor-version":[{"id":14271,"href":"https:\/\/www.sudoestehoje.com.br\/novoportal\/wp-json\/wp\/v2\/posts\/14264\/revisions\/14271"}],"wp:attachment":[{"href":"https:\/\/www.sudoestehoje.com.br\/novoportal\/wp-json\/wp\/v2\/media?parent=14264"}],"wp:term":[{"taxonomy":"category","embeddable":true,"href":"https:\/\/www.sudoestehoje.com.br\/novoportal\/wp-json\/wp\/v2\/categories?post=14264"},{"taxonomy":"post_tag","embeddable":true,"href":"https:\/\/www.sudoestehoje.com.br\/novoportal\/wp-json\/wp\/v2\/tags?post=14264"}],"curies":[{"name":"wp","href":"https:\/\/api.w.org\/{rel}","templated":true}]}}