
{"id":14245,"date":"2012-04-03T14:02:25","date_gmt":"2012-04-03T17:02:25","guid":{"rendered":"http:\/\/www.sudoestehoje.com.br\/novoportal\/?p=14245"},"modified":"2012-04-03T14:02:25","modified_gmt":"2012-04-03T17:02:25","slug":"micareta-de-macarani-foi-um-sucesso","status":"publish","type":"post","link":"https:\/\/www.sudoestehoje.com.br\/novoportal\/2012\/04\/03\/micareta-de-macarani-foi-um-sucesso\/","title":{"rendered":"MICARETA DE MACARANI FOI UM SUCESSO"},"content":{"rendered":"<p>&nbsp;<\/p>\n<div id=\"attachment_14246\" style=\"width: 510px\" class=\"wp-caption aligncenter\"><a href=\"http:\/\/www.sudoestehoje.com.br\/novoportal\/wp-content\/uploads\/2012\/04\/prefeito-e-margaret.jpg\"><img loading=\"lazy\" decoding=\"async\" aria-describedby=\"caption-attachment-14246\" class=\"size-medium wp-image-14246\" title=\"prefeito e margaret\" src=\"http:\/\/www.sudoestehoje.com.br\/novoportal\/wp-content\/uploads\/2012\/04\/prefeito-e-margaret-500x334.jpg\" alt=\"\" width=\"500\" height=\"334\" srcset=\"https:\/\/www.sudoestehoje.com.br\/novoportal\/wp-content\/uploads\/2012\/04\/prefeito-e-margaret-500x334.jpg 500w, https:\/\/www.sudoestehoje.com.br\/novoportal\/wp-content\/uploads\/2012\/04\/prefeito-e-margaret.jpg 645w\" sizes=\"auto, (max-width: 500px) 100vw, 500px\" \/><\/a><p id=\"caption-attachment-14246\" class=\"wp-caption-text\">Prefeito Carlinhos ao lado da &#39;Deusa do Ax\u00e9&#39;, Margareth Menezes, durante a apresenta\u00e7\u00e3o da cantora no Micareta de Macarani<\/p><\/div>\n<p>MACARANI: Apesar de toda a dificuldade encontrada este ano, a prefeitura municipal de Macarani realizou um dos mais animados eventos festivos do novo calend\u00e1rio social do munic\u00edpio: a <em>MICARANI FOLIA 2012<\/em> que, por tr\u00eas dias, envolveu a popula\u00e7\u00e3o de Macarani e toda a regi\u00e3o, na melhor festa de largo j\u00e1 realizada na cidade. Para tornar isso poss\u00edvel, o governo &#8220;O Futuro Come\u00e7a Agora&#8221; n\u00e3o mediu esfor\u00e7os no planejamento e execu\u00e7\u00e3o de estrat\u00e9gias que possibilitaram n\u00e3o apenas solucionar as adversidades, mas tamb\u00e9m garantir uma grade de atra\u00e7\u00f5es com nomes de peso do ax\u00e9 music, como Margareth Menezes, Preto Bom, Motumb\u00e1, Wag\u00e3o Chicleteiro, Seu Ax\u00e9 e Psiriso.<\/p>\n<p><a href=\"http:\/\/www.sudoestehoje.com.br\/novoportal\/wp-content\/uploads\/2012\/04\/MICARETA-MAC.jpg\"><img loading=\"lazy\" decoding=\"async\" class=\"aligncenter size-medium wp-image-14247\" title=\"MICARETA MAC\" src=\"http:\/\/www.sudoestehoje.com.br\/novoportal\/wp-content\/uploads\/2012\/04\/MICARETA-MAC-500x334.jpg\" alt=\"\" width=\"500\" height=\"334\" srcset=\"https:\/\/www.sudoestehoje.com.br\/novoportal\/wp-content\/uploads\/2012\/04\/MICARETA-MAC-500x334.jpg 500w, https:\/\/www.sudoestehoje.com.br\/novoportal\/wp-content\/uploads\/2012\/04\/MICARETA-MAC.jpg 645w\" sizes=\"auto, (max-width: 500px) 100vw, 500px\" \/><\/a><\/p>\n<p>A infraestrutura do evento foi criteriosamente montada de forma a atender ao mais exigente foli\u00e3o. \u00a0Em toda a Avenida Camilo de Jesus Lima, foram armadas barracas com toda a log\u00edstica de bebidas e alimenta\u00e7\u00e3o e em seu entorno, ambulantes, pra\u00e7a de alimenta\u00e7\u00e3o, barracas de artesanatos e suvenires caracter\u00edsticos nesse tipo de evento, stand policial, banheiros qu\u00edmicos em diferentes lugares e sonoriza\u00e7\u00e3o ambiente.<\/p>\n<p>Os camarotes foram armados no centro da Avenida, onde milhares de pessoas disputaram um lugar para acompanhar a micareta de forma estrat\u00e9gica e com mais comodidade. Ao longo da Avenida, o pov\u00e3o ocupou o seu espa\u00e7o democraticamente, deixou a alegria fluir sem reservas e curtiu cada atra\u00e7\u00e3o com entusiasmo e descontra\u00e7\u00e3o.<\/p>\n<p><a href=\"http:\/\/www.sudoestehoje.com.br\/novoportal\/wp-content\/uploads\/2012\/04\/MICARETA-MACARANI-2.jpg\"><img loading=\"lazy\" decoding=\"async\" class=\"aligncenter size-medium wp-image-14248\" title=\"MICARETA MACARANI 2\" src=\"http:\/\/www.sudoestehoje.com.br\/novoportal\/wp-content\/uploads\/2012\/04\/MICARETA-MACARANI-2-500x334.jpg\" alt=\"\" width=\"500\" height=\"334\" srcset=\"https:\/\/www.sudoestehoje.com.br\/novoportal\/wp-content\/uploads\/2012\/04\/MICARETA-MACARANI-2-500x334.jpg 500w, https:\/\/www.sudoestehoje.com.br\/novoportal\/wp-content\/uploads\/2012\/04\/MICARETA-MACARANI-2.jpg 645w\" sizes=\"auto, (max-width: 500px) 100vw, 500px\" \/><\/a><\/p>\n<p><!--more--><\/p>\n<p>02 trios el\u00e9tricos serviram de palco aos artistas que comandaram a folia do primeiro ao \u00faltimo minuto em que reinou a festan\u00e7a, que come\u00e7ou na sexta-feira com Trem Virado, Seu Ax\u00e9, Aud\u00e1cia Pura e a Blitz. O esperado show de Margareth Menezes abriu a folia em seu segundo dia, seguida de Motumb\u00e1, Wag\u00e3o Chicleteiro e Preto Bom. Carism\u00e1tica e ecl\u00e9tica, a p\u00e9rola negra da m\u00fasica baiana exibiu charme e com sua voz grave sacudiu a massa. No repert\u00f3rio, sucessos consagrados como Dandalunda, Fara\u00f3 Divindade e Tot\u00e9 de Maiang\u00e1, cantados pela multid\u00e3o. Em meio ao show, o prefeito Carlinhos foi convidado pela artista a subir no trio para saudar a plat\u00e9ia. O gestor municipal agradeceu e, em poucas palavras falou da sua satisfa\u00e7\u00e3o em realizar mais um evento de qualidade \u00e0 altura da expectativa da juventude. O prefeito disse ainda, que a contrata\u00e7\u00e3o de Margareth Menezes foi tamb\u00e9m uma homenagem p\u00f3stuma \u00e0 sua irm\u00e3 Ana L\u00facia Mac\u00eado, morta este ano v\u00edtima de acidente automobil\u00edstico e que era f\u00e3 da cantora. Neste momento a emo\u00e7\u00e3o contagiou a todos que retribu\u00edram em forma de aplausos.<\/p>\n<p>O terceiro e \u00faltimo dia da micareta de Macarani, apesar de ser domingo, concentrou um maior n\u00famero de pessoas, tornando o circuito pequeno quando da apresenta\u00e7\u00e3o da Banda Psirico, que entrou na Avenida \u00e0s 22:00h e levou a multid\u00e3o ao del\u00edrio com sua pegada forte, aliado ao carisma do vocalista M\u00e1rcio Victor, que n\u00e3o se conteve diante da multid\u00e3o euforia e chamou o prefeito para subir ao trio e falar da import\u00e2ncia do momento. O prefeito Carlinhos n\u00e3o hesitou ao convite e aproveitou para agradecer ao p\u00fablico presente e desejar a todos uma boa festa. Antes, a Banda Discarasamba deu o tom festivo da noite que foi encerrada pela Banda Playgraud.<\/p>\n<p>Foi uma festa tranquila, com p\u00fablico intenso e animado. A cidade foi tomada por visitantes de toda a regi\u00e3o e at\u00e9 da capital do Estado. Al\u00e9m da decora\u00e7\u00e3o, que fez o foli\u00e3o entrar no clima, a organiza\u00e7\u00e3o do evento tamb\u00e9m constatou que cada vez, mais pessoas aderem ao micareta de Macarani, jovens, adultos, idosos, pessoas de todas as idades que encontram uma programa\u00e7\u00e3o diversificada, feita para agradar a todos os gostos.<\/p>\n<p>A seguran\u00e7a, mais uma vez, levou nota 10. As Policias Civil, Militar, Guarda Municipal e CAESG, trabalharam de forma preventiva antes de come\u00e7ar a folia e ostensivamente em sua vig\u00eancia, de forma a impedir qualquer manifesta\u00e7\u00e3o destoante ao proposto. A estrat\u00e9gia funcionou de forma efetiva planejada e nenhum caso de viol\u00eancia foi registrado nos tr\u00eas dias da <em>MICARANI FOLIA 2012, <\/em>onde mais de 40 mil pessoas estiveram presentes nos tr\u00eas dias de folia.<\/p>\n<p><strong><em>Ascom Jota Santos<\/em><\/strong><\/p>\n","protected":false},"excerpt":{"rendered":"<p>&nbsp; MACARANI: Apesar de toda a dificuldade encontrada este ano, a prefeitura municipal de Macarani realizou um dos mais animados eventos festivos do novo calend\u00e1rio social do munic\u00edpio: a MICARANI FOLIA 2012 que, por tr\u00eas dias, envolveu a popula\u00e7\u00e3o de Macarani e toda a regi\u00e3o, na melhor festa de largo j\u00e1 realizada na cidade. Para [&hellip;]<\/p>\n","protected":false},"author":2,"featured_media":0,"comment_status":"open","ping_status":"open","sticky":false,"template":"","format":"standard","meta":{"footnotes":"","_links_to":"","_links_to_target":""},"categories":[1],"tags":[],"class_list":["post-14245","post","type-post","status-publish","format-standard","hentry","category-geral"],"views":4029,"_links":{"self":[{"href":"https:\/\/www.sudoestehoje.com.br\/novoportal\/wp-json\/wp\/v2\/posts\/14245","targetHints":{"allow":["GET"]}}],"collection":[{"href":"https:\/\/www.sudoestehoje.com.br\/novoportal\/wp-json\/wp\/v2\/posts"}],"about":[{"href":"https:\/\/www.sudoestehoje.com.br\/novoportal\/wp-json\/wp\/v2\/types\/post"}],"author":[{"embeddable":true,"href":"https:\/\/www.sudoestehoje.com.br\/novoportal\/wp-json\/wp\/v2\/users\/2"}],"replies":[{"embeddable":true,"href":"https:\/\/www.sudoestehoje.com.br\/novoportal\/wp-json\/wp\/v2\/comments?post=14245"}],"version-history":[{"count":2,"href":"https:\/\/www.sudoestehoje.com.br\/novoportal\/wp-json\/wp\/v2\/posts\/14245\/revisions"}],"predecessor-version":[{"id":14250,"href":"https:\/\/www.sudoestehoje.com.br\/novoportal\/wp-json\/wp\/v2\/posts\/14245\/revisions\/14250"}],"wp:attachment":[{"href":"https:\/\/www.sudoestehoje.com.br\/novoportal\/wp-json\/wp\/v2\/media?parent=14245"}],"wp:term":[{"taxonomy":"category","embeddable":true,"href":"https:\/\/www.sudoestehoje.com.br\/novoportal\/wp-json\/wp\/v2\/categories?post=14245"},{"taxonomy":"post_tag","embeddable":true,"href":"https:\/\/www.sudoestehoje.com.br\/novoportal\/wp-json\/wp\/v2\/tags?post=14245"}],"curies":[{"name":"wp","href":"https:\/\/api.w.org\/{rel}","templated":true}]}}