
{"id":14233,"date":"2012-04-03T12:07:09","date_gmt":"2012-04-03T15:07:09","guid":{"rendered":"http:\/\/www.sudoestehoje.com.br\/novoportal\/?p=14233"},"modified":"2012-04-03T12:08:46","modified_gmt":"2012-04-03T15:08:46","slug":"entrevista-de-miraldo-mota-ao-jornal-dimensao","status":"publish","type":"post","link":"https:\/\/www.sudoestehoje.com.br\/novoportal\/2012\/04\/03\/entrevista-de-miraldo-mota-ao-jornal-dimensao\/","title":{"rendered":"ENTREVISTA DE MIRALDO MOTA AO JORNAL DIMENS\u00c3O"},"content":{"rendered":"<p><img decoding=\"async\" class=\"aligncenter\" src=\"http:\/\/dimensaojornal.com.br\/wp-content\/themes\/spectrum\/thumb.php?src=wp-content\/uploads\/2012\/04\/pt-600x242.png&amp;w=620&amp;h=250&amp;zc=1&amp;q=90\" alt=\"PT prop\u00f5e Miraldo Mota para prefeito\" width=\"500\" \/><\/p>\n<p>&nbsp;<\/p>\n<p>ITAPETINGA: Cansados de tentar uma aproxima\u00e7\u00e3o com o prefeito Jos\u00e9 Carlos Moura, os petistas reagiram esta semana e lan\u00e7aram o nome do empres\u00e1rio Miraldo Mota para as pr\u00e9vias de 2012. O desgaste entre o atual prefeito e seu partido tem origem desde o in\u00edcio do governo, quando o prefeito JCM privou os seus companheiros de participar das decis\u00f5es pol\u00edticas da gest\u00e3o. Segundo o entrevistado desta semana, Miraldo Mota, v\u00e1rias tentativas foram feitas a fim de abrir um di\u00e1logo com o prefeito para que o PT participasse de fato do governo municipal implementando pr\u00e1ticas democr\u00e1ticas, mas foram em v\u00e3o. Al\u00e9m disso, o prefeito tem sido alvo de constantes den\u00fancias de irregularidades na prefeitura,o que gerou at\u00e9 a cria\u00e7\u00e3o de uma CPI para apurar fatos. Diante de todo esse quadro, o PT de Itapetinga lan\u00e7ou um novo candidato para representar a sigla nas pr\u00f3ximas elei\u00e7\u00f5es. Miraldo Jos\u00e9 de Ara\u00fajo (Miraldo Mota, que acabou adotando o sobrenome da m\u00e3e), natural de Castro Alves, reside em Itapetinga desde agosto de 1960, \u00e9 pequeno empres\u00e1rio e seu nome tem boa aceita\u00e7\u00e3o entre os companheiros do PT. Ele falou \u00e0 rep\u00f3rter Eliene Portella.<\/p>\n<p>&nbsp;<\/p>\n<p><strong>Jornal Dimens\u00e3<\/strong>o \u2013 Uma pergunta que todo itapetinguense gostaria de lhe fazer: porque Miraldo Mota deixou a Secretaria de Administra\u00e7\u00e3o no in\u00edcio do atual governo municipal?<\/p>\n<p><strong>&#8211; Miraldo Mota\u00a0<\/strong>&#8211; A primeira alega\u00e7\u00e3o que apresentei no momento foi que com a minha ida para a prefeitura, o meu afastamento do com\u00e9rcio provocou uma certa queda em minhas vendas e minha esposa estava ficando com um montante muito grande de trabalho. E eu tamb\u00e9m estava com algumas insatisfa\u00e7\u00f5es no governo, cheguei a apresentar algumas delas para o partido, a\u00e7\u00f5es que eu n\u00e3o aceitava porque a ordem do partido era outra e eu estava agindo contra a nossa forma\u00e7\u00e3o partid\u00e1ria. Me afastei depois de apresentar ao prefeito meus motivos e em seguida meu pedido de demiss\u00e3o. Do dia 1\u00ba de janeiro daquele ano, fui secret\u00e1rio at\u00e9 o dia 11 de maio. LEIA NA \u00cdNTEGRA&#8230;<!--more--><\/p>\n<p>&nbsp;<\/p>\n<p><strong>JD<\/strong>\u00a0\u2013 Por que ent\u00e3o agora o Sr. decidiu submeter o seu nome ao PT para ser o candidato? A reelei\u00e7\u00e3o do atual prefeito n\u00e3o \u00e9 o processo natural para o pleito?<\/p>\n<p><strong>M.M<\/strong>. \u2013 Com certeza, o certo seria e \u00e9 o que determina o partido: quem est\u00e1 no poder tem prioridade sobre os demais companheiros. No entanto, algumas inabilidades do governo atual, a n\u00e3o participa\u00e7\u00e3o do prefeito dentro das reuni\u00f5es do PT para apresentar as dificuldades por que passa o seu governo e deixar isto chegar at\u00e9 a uma CPI, levou o partido a tomar um susto. Desta forma, no momento em que t\u00ednhamos uma prova escrita, concreta, de que alguma coisa n\u00e3o estava bem no governo do atual prefeito, e pudemos ver isto atrav\u00e9s do relat\u00f3rio da CPI, ent\u00e3o os companheiros do PT resolveram chamar a uma postura o administrador da prefeitura e ao fazer isto, o resultado a que se chegou \u00e9 que t\u00ednhamos outras op\u00e7\u00f5es dentro do partido para concorrer com ele.<\/p>\n<p>&nbsp;<\/p>\n<p><strong>JD<\/strong>\u00a0\u2013 H\u00e1 coment\u00e1rios a respeito da rela\u00e7\u00e3o entre o atual prefeito e o PT de que n\u00e3o seria muito boa e que em uma recente reuni\u00e3o ficou muito vis\u00edvel isso, com parte da dire\u00e7\u00e3o do PT tendo pedido a sa\u00edda de alguns componentes da atual administra\u00e7\u00e3o (Zen\u00f3bio Cerqueira, Franklin Ferraz e Israel Miranda) para manter o apoio ao prefeito. Isto \u00e9 verdade? como o Sr. avalia esta rela\u00e7\u00e3o?<\/p>\n<p><strong>M.M<\/strong>. \u2013 Esta reuni\u00e3o realmente aconteceu, o prefeito n\u00e3o se fez presente e foi logo em seguida que eles me chamaram a aten\u00e7\u00e3o para participar dessas discuss\u00f5es, convidaram o companheiro Rosemberg Pinto (deputado estadual PT) para outra reuni\u00e3o e l\u00e1 alguns companheiros sugeriram a apresenta\u00e7\u00e3o de meu nome para ser indicado \u00e0s pr\u00e9vias. Nessa reuni\u00e3o realmente houve um xeque-mate com rela\u00e7\u00e3o a algumas pessoas que hoje fazem parte da administra\u00e7\u00e3o e que foi pedido a sa\u00edda delas para garantir o apoio ao nome do prefeito. Como isso n\u00e3o aconteceu, apresentou-se outro nome, pois o deputado ficou de marcar uma nova reuni\u00e3o com o prefeito, vereadores e secret\u00e1rios e como nada se resolveu, foi ent\u00e3o apresentando o meu nome para a diretoria estadual do partido e foi receptivo.<\/p>\n<p>&nbsp;<\/p>\n<p><strong>JD<\/strong>\u00a0\u2013 Como o PT municipal ir\u00e1 se posicionar caso haja uma resist\u00eancia por parte do PT estadual diante desta decis\u00e3o quanto a apresenta\u00e7\u00e3o de seu nome, j\u00e1 que o deputado Rosemberg Pinto (PT) declarou em alguns meios de comunica\u00e7\u00e3o que est\u00e1 confiante na reelei\u00e7\u00e3o de Z\u00e9 Carlos?<\/p>\n<p><strong>M.M<\/strong>. \u2013 O deputado n\u00e3o chegou a entrar em contato comigo e n\u00e3o tenho conhecimento de que ele estivesse fazendo algum tipo de manobra nesse sentido. Acho at\u00e9 que ele entrou em contato com o presidente de nosso partido aqui, Branco, mas eu n\u00e3o estive ainda em reuni\u00e3o com o diret\u00f3rio para me inteirar dessas coisas. Quanto ao deputado, creio que realmente ele est\u00e1 na defesa da candidatura de Z\u00e9 Carlos, acho justa at\u00e9, pois como prefeito ele tem a prioridade\u2026 mas as atitudes de seu governo n\u00e3o o credencia.<\/p>\n<p>&nbsp;<\/p>\n<p><strong>JD\u00a0<\/strong>&#8211; De que forma o Sr. avalia o atual governo municipal? Na sua opini\u00e3o, h\u00e1, de fato, um descontentamento por parte da popula\u00e7\u00e3o?<\/p>\n<p><strong>M.M.<\/strong>\u00a0\u2013 H\u00e1 um descontentamento que eu acho at\u00e9 alto. Falam em pesquisas a\u00ed, mas eu n\u00e3o acredito em pesquisas que s\u00f3 ficam nos coment\u00e1rios e n\u00e3o se apresentam os dados. Para mim pesquisa se \u00e9 cient\u00edfica, mesmo que n\u00e3o seja registrada, deveria ter seus dados mostrados, sendo coerente. Eu vejo aqui em meu escrit\u00f3rio muitas express\u00f5es tipo \u201cvotei e n\u00e3o voto mais\u201d. Express\u00f5es que escuto no dia a dia, mas a gente tem que avaliar os pr\u00f3s e os contra e fazer uma repaginada no governo para faz\u00ea-lo funcionar. Olhando do ponto de vista como eu avalio o governo, acho que h\u00e1 um sofrimento grande por n\u00e3o ter algumas a\u00e7\u00f5es nesses tr\u00eas anos que tivessem sido fruto administrativamente do governo municipal. Temos investimentos de dinheiro do governo federal, do governo estadual, que digamos de passagem \u00e9 ben\u00e9fico, mas que \u00e9 uma postura do governo de Dilma. O PAC 1 e 2 chegaram a Itapetinga, mas eu n\u00e3o sei se foi bem administrado isso da forma tansparente para que a popula\u00e7\u00e3o tenha dado respaldo.<\/p>\n<p>&nbsp;<\/p>\n<p><strong>JD\u00a0<\/strong>&#8211; O Sr. esteve tamb\u00e9m recentemente participando de uma palestra em um dos encontros marcados pelo pr\u00e9-candidato pelo PR, Arnaldo Texeira. Como foi esta participa\u00e7\u00e3o?<\/p>\n<p><strong>M.M.<\/strong>\u00a0\u2013 Eu acho at\u00e9 que este foi o pingo de \u00e1gua para poder encher o balde da turma do PT. Arnaldo tinha me procurado v\u00e1rias vezes dizendo que precis\u00e1vamos conversar e um dia veio aqui no meu escrit\u00f3rio acompanhando de Gustercindo e Jos\u00e9 Elias. Trocamos algumas id\u00e9ias e eles queriam saber o que \u00e9 a administra\u00e7\u00e3o municipal de Itapetinga e como foi o meu per\u00edodo como secret\u00e1rio de Administra\u00e7\u00e3o. Conversamos e ficamos de ter outra prosa depois e me coloquei \u00e0 disposi\u00e7\u00e3o, pois sou um cidad\u00e3o itapetinguense livre para poder dar a minha opini\u00e3o onde eu for. Fui ent\u00e3o convidado para ministrar uma palestra em uma das reuni\u00f5es promovidas por ele, falei sobre os primeiros cem dias de governo. Foi p\u00fablica a minha decis\u00e3o de sair do governo e eu n\u00e3o fui para a imprensa na \u00e9poca porque acho muito desgastante voc\u00ea sair de um cargo e em seguida difamar o governo. Mas assumi a minha postura de em um momento oportuno e certo, mostrarmos aquilo que estava em desacordo com a governabilidade petista. Fiz isto l\u00e1 na palestra a convite de Arnaldo, o resultado foi publicado na imprensa e caiu nos ouvidos dos companheiros do PT que vieram pra cima de mim em busca de justificativas para o meu ato, querendo saber se eu estava apoiando a poss\u00edvel candidatura de Arnaldo. A minha resposta foi negativa e inclusive o pr\u00f3prio Arnaldo \u00e9 minha testemunha. Fui aplaudido v\u00e1rias vezes pelos que l\u00e1 estiveram e eu creio que todo cidad\u00e3o de bem tem direito de apresentar suas propostas ou fazer suas considera\u00e7\u00f5es independente de partido.<\/p>\n<p>Gilson de Jesus tamb\u00e9m me convidou para discutir com ele a pol\u00edtica de Itapetinga. Fiz algumas considera\u00e7\u00f5es e at\u00e9 citei que ele estava muito t\u00edmido como candidato a prefeito. O cidad\u00e3o pol\u00edtico tem que agrupar, tem que partir mesmo pra luta. Logo depois os companheiros do PT me procuraram para consultar se eu disponibilizaria meu nome para uma disputa a prefeito, o que eu retruquei dizendo que eu j\u00e1 estava fora do processo e n\u00e3o queria mais ficar naquela demanda. Eu at\u00e9 achei que o meu nome j\u00e1 n\u00e3o estava na lista dos filiados ao PT. Mas como os companheiros aguardavam esta minha contribui\u00e7\u00e3o, acabei cedendo e aqui estou.<\/p>\n<p>&nbsp;<\/p>\n<p>JD \u2013 Miraldo Mota acredita na possibilidade de ainda existir a uni\u00e3o das oposi\u00e7\u00f5es?<\/p>\n<p>M.M. \u2013 N\u00e3o acredito, Itapetinga tem uma pol\u00edtica muito adversa, ela \u00e9 centrada em alguns elementos que dominam o eito pol\u00edtico na cidade. E \u00e9 diferente no PT, esta a\u00e7\u00e3o de agora por exemplo, mostra isto e surpreendeu a todos. A impress\u00e3o que se tinha \u00e9 que o prefeito era o dono do PT, e n\u00e3o \u00e9. O governo \u00e9 governo e o partido \u00e9 partido, s\u00e3o independentes. E por isso que os companheiros sugeriram o nome de Miraldo para poder mostrar para a sociedade que nem tudo est\u00e1 de acordo com o car\u00e1ter administrativo atual. Se pegarmos por exemplo o relat\u00f3rio da CPI, que inclusive tive oportunidade de ler, veremos que aconteceram coisas na atual gest\u00e3o petista que destoam de uma boa administra\u00e7\u00e3o p\u00fablica. Governar \u00e9 ter transpar\u00eancia, poder mostrar transpar\u00eancia, o que \u00e9 uma proposta do PT, fazer com que o governo seja participativo, mostrando ao povo para onde e de que forma est\u00e1 indo o dinheiro p\u00fablico.<\/p>\n<p>&nbsp;<\/p>\n<p><strong>JD\u00a0<\/strong>&#8211; Como seria a sua forma de administrar a cidade e por onde come\u00e7aria a trabalhar, caso sa\u00edsse vencedor das elei\u00e7\u00f5es?<\/p>\n<p><strong>M.M.\u00a0<\/strong>&#8211; Al\u00e9m da que j\u00e1 vem se batendo, que \u00e9 a sa\u00fade, eu partiria para outras duas quest\u00f5es prim\u00e1rias, sendo uma delas o emprego. A cidade est\u00e1 perdendo muito emprego, o nosso com\u00e9rcio est\u00e1 caindo nas vendas e eu at\u00e9 entendo a manifesta\u00e7\u00e3o da Nova Itapetinga com a mudan\u00e7a do tr\u00e2nsito, alegando que o com\u00e9rcio caiu por causa disto. Mas eles enxergam isto pelo lado de joguete pol\u00edtico e n\u00e3o por uma quest\u00e3o econ\u00f4mica crucial que est\u00e1 acontecendo no com\u00e9rcio daqui. As demiss\u00f5es da Azaleia est\u00e3o continuando paulatinamente. Eu acho que o prefeito teria que partir para a dire\u00e7\u00e3o da empresa e abrir um di\u00e1logo, saber o que eles querem, se destruir a cidade ou valoriz\u00e1-la juntamente com seu povo, dando a ela caracter\u00edstica de cidade produtiva. Bem como estudar de que forma a prefeitura poderia contribuir para tamb\u00e9m colaborar com a empresa, enfim, n\u00e3o teria que se aceitar este caos que j\u00e1 se formou. E iria tamb\u00e9m em busca de outros empregos, procurar o Sedur, as secretarias de estado todas para viabilizar postos de emprego para dentro da cidade. Aqui foi criada uma expectativa de emprego muito grande, ao sairmos do p\u00f3lo da pecu\u00e1ria e entrarmos no p\u00f3lo cal\u00e7adista, convergimos para a gera\u00e7\u00e3o do emprego e esse por sua vez \u00e9 que faz girar o capital dentro do com\u00e9rcio da cidade.<\/p>\n<p>Eu fiz algumas cr\u00edticas em determinado momento ao setor empresarial da Azaleia, dizendo que eles n\u00e3o investem no com\u00e9rcio de Itapetinga. Uma das cr\u00edticas foi em rela\u00e7\u00e3o \u00e0s cestas b\u00e1sicas, pois eles deveriam transformar a bonifica\u00e7\u00e3o da cesta em forma de cart\u00e3o, para que o trabalhador pudesse comprar no com\u00e9rcio local, fazendo o dinheiro circular aqui. A empresa recebe incentivos dos governos municipal, estadual e federal e n\u00e3o d\u00e1 esse retorno pra n\u00f3s. Foi uma cr\u00edtica que fiz direto \u00e0 diretoria da Azaleia e tamb\u00e9m via CDL. Acho que esse \u00e9 o papel do administrador tamb\u00e9m, ter argumentos para poder recuperar a ideia de que somos uma cidade crescente.<\/p>\n<p>A outra quest\u00e3o que eu atacaria seria a dos investimentos municipais. A administra\u00e7\u00e3o tem recursos e mesmo que sejam poucos, d\u00e1-se para investir na cidade. Acho que \u00e9 fundamental que a popula\u00e7\u00e3o tamb\u00e9m veja o prefeito trabalhando. Os administradores anteriores mostraram at\u00e9 com mais assiduidade essa import\u00e2ncia com a cidade, seja limpando at\u00e9 uma boca de lobo assim que amea\u00e7asse uma chuva, bem como tapando buracos nas ruas, cuidando da conserva\u00e7\u00e3o das vias de tr\u00e2nsito, limpando o mato, mantendo tudo limpo, enfim, coisas b\u00e1sicas, mas que mostram car\u00e1ter administrativo.<\/p>\n<p>&nbsp;<\/p>\n<p>JD \u2013 De que forma o Sr. acredita que ir\u00e1 agir o eleitor itapetinguense no pr\u00f3ximo pleito, j\u00e1 que ele apostou em uma mudan\u00e7a e ao que parece, n\u00e3o consegue se mostrar satisfeito quase ao final do mandato do atual prefeito?<\/p>\n<p>M.M. \u2013 O eleitor hoje tem uma mentalidade bem diferente. Ele viveu at\u00e9 2004 quando eu disputei o pleito, ainda sob as r\u00e9deas dos chefes da pol\u00edtica. 2006, com a disputa de governo de estado e deputado, vi que o quadro mudou e que houve uma pulveriza\u00e7\u00e3o de votos. Ent\u00e3o podemos dizer que o setor cal\u00e7adista influencia na popula\u00e7\u00e3o de Itapetinga de forma determinante, mudando a cabe\u00e7a do eleitor. E essa mudan\u00e7a pudemos ver na elei\u00e7\u00e3o passada, o povo queria a mudan\u00e7a, n\u00e3o aceitava o que estava antes e nem o que esteve e a\u00ed deu uma resposta impressionante. Eu acho que esta mesma mentalidade do povo continua e at\u00e9 de forma mais agressiva, mais trabalhada, mais pensada. Escuto pessoas dizendo \u201cvotei e n\u00e3o voto mais\u201d, \u201cesperava uma mudan\u00e7a e ela n\u00e3o aconteceu\u201d. O eleitor hoje quer sinceridade, transpar\u00eancia, honestidade, olhar no olho do candidato e saber se ele est\u00e1 ou n\u00e3o falando a verdade.<\/p>\n<p>&nbsp;<\/p>\n<p><strong>JD &#8211;<\/strong>\u00a0Suas considera\u00e7\u00f5es finais.<\/p>\n<p><strong>M.M. &#8211;<\/strong>\u00a0Quero dizer \u00e0 popula\u00e7\u00e3o de Itapetinga que n\u00e3o sou eu quem est\u00e1 querendo ser candidato ou prefeito. Os companheiros de partido \u00e9 que dizem que querem o meu nome e eu disponibilizei com pureza de alma. J\u00e1 tive inclusive oportunidade de ter outros poderes e declinei deles. Se tivesse continuado meus estudos na igreja, talvez j\u00e1 fosse bispo, assim como colegas que estudaram junto comigo tamb\u00e9m o s\u00e3o agora. Hoje sou um empres\u00e1rio que consegue dar uma chance para 20 fam\u00edlias se beneficiarem de meu trabalho e juntamente com eles me sinto em p\u00e9 de igualdade. Assumi o chamado dos companheiros com tranq\u00fcilidade. Se tiver que ser eu, serei e procurarei administrar da melhor forma e transpar\u00eancia poss\u00edvel<\/p>\n","protected":false},"excerpt":{"rendered":"<p>&nbsp; ITAPETINGA: Cansados de tentar uma aproxima\u00e7\u00e3o com o prefeito Jos\u00e9 Carlos Moura, os petistas reagiram esta semana e lan\u00e7aram o nome do empres\u00e1rio Miraldo Mota para as pr\u00e9vias de 2012. O desgaste entre o atual prefeito e seu partido tem origem desde o in\u00edcio do governo, quando o prefeito JCM privou os seus companheiros [&hellip;]<\/p>\n","protected":false},"author":2,"featured_media":0,"comment_status":"open","ping_status":"open","sticky":false,"template":"","format":"standard","meta":{"footnotes":"","_links_to":"","_links_to_target":""},"categories":[1],"tags":[],"class_list":["post-14233","post","type-post","status-publish","format-standard","hentry","category-geral"],"views":1305,"_links":{"self":[{"href":"https:\/\/www.sudoestehoje.com.br\/novoportal\/wp-json\/wp\/v2\/posts\/14233","targetHints":{"allow":["GET"]}}],"collection":[{"href":"https:\/\/www.sudoestehoje.com.br\/novoportal\/wp-json\/wp\/v2\/posts"}],"about":[{"href":"https:\/\/www.sudoestehoje.com.br\/novoportal\/wp-json\/wp\/v2\/types\/post"}],"author":[{"embeddable":true,"href":"https:\/\/www.sudoestehoje.com.br\/novoportal\/wp-json\/wp\/v2\/users\/2"}],"replies":[{"embeddable":true,"href":"https:\/\/www.sudoestehoje.com.br\/novoportal\/wp-json\/wp\/v2\/comments?post=14233"}],"version-history":[{"count":5,"href":"https:\/\/www.sudoestehoje.com.br\/novoportal\/wp-json\/wp\/v2\/posts\/14233\/revisions"}],"predecessor-version":[{"id":14237,"href":"https:\/\/www.sudoestehoje.com.br\/novoportal\/wp-json\/wp\/v2\/posts\/14233\/revisions\/14237"}],"wp:attachment":[{"href":"https:\/\/www.sudoestehoje.com.br\/novoportal\/wp-json\/wp\/v2\/media?parent=14233"}],"wp:term":[{"taxonomy":"category","embeddable":true,"href":"https:\/\/www.sudoestehoje.com.br\/novoportal\/wp-json\/wp\/v2\/categories?post=14233"},{"taxonomy":"post_tag","embeddable":true,"href":"https:\/\/www.sudoestehoje.com.br\/novoportal\/wp-json\/wp\/v2\/tags?post=14233"}],"curies":[{"name":"wp","href":"https:\/\/api.w.org\/{rel}","templated":true}]}}