
{"id":14221,"date":"2012-04-03T09:15:45","date_gmt":"2012-04-03T12:15:45","guid":{"rendered":"http:\/\/www.sudoestehoje.com.br\/novoportal\/?p=14221"},"modified":"2012-04-03T22:42:43","modified_gmt":"2012-04-04T01:42:43","slug":"geddel-falou-bobagem","status":"publish","type":"post","link":"https:\/\/www.sudoestehoje.com.br\/novoportal\/2012\/04\/03\/geddel-falou-bobagem\/","title":{"rendered":"GEDDEL FALOU DEMAIS&#8230;"},"content":{"rendered":"<p style=\"text-align: center;\"><a href=\"http:\/\/www.sudoestehoje.com.br\/novoportal\/wp-content\/uploads\/2012\/04\/imagesd-horz1.jpg\"><img decoding=\"async\" class=\"aligncenter  wp-image-14223\" title=\"imagesd-horz\" src=\"http:\/\/www.sudoestehoje.com.br\/novoportal\/wp-content\/uploads\/2012\/04\/imagesd-horz1.jpg\" alt=\"\" width=\"350\" \/><\/a><\/p>\n<p>&nbsp;<\/p>\n<p>ITAPETINGA: A declara\u00e7\u00e3o de Geddel, durante a Expoconquista no \u00faltimo final de semana, acenando para um suposto apoio do PMDB \u00e0 candidatura do ex-prefeito Jos\u00e9 Ot\u00e1vio Curvello (DEM), n\u00e3o foi bem recebida pelos seus correligion\u00e1rios em Itapetinga, o que demonstra o desprezo dos caciques peemedebistas em rela\u00e7\u00e3o \u00e0s lideran\u00e7as locais do partido, que aspiram, legitimamente, a indica\u00e7\u00e3o para disputarem o pleito de outubro.<\/p>\n<p>K\u00e1tia Espinheira, Dr. Rodolfo Schettini e Dr. Silvio Macedo n\u00e3o devem ter recebido a not\u00edcia com satisfa\u00e7\u00e3o, at\u00e9 porque a proposta que vem sendo levada em conta \u00e9 a de que a escolha ser\u00e1 realizada atrav\u00e9s de uma consulta aos filiados do partido em Itapetinga, como foi amplamente divulgado atrav\u00e9s da imprensa pelo pr\u00f3prio Michel Hagge, l\u00edder dos &#8216;gabirabas&#8217;.<\/p>\n<p>Michel, que j\u00e1 delegou \u00e0 sua filha Virg\u00ednia Hagge todos os poderes para decidir os rumos do PMDB em Itapetinga, vive hoje \u00e0 merc\u00ea das decis\u00f5es de L\u00facio e Geddel, enquanto as suas bases no munic\u00edpio v\u00eam sendo corro\u00eddas e cooptadas pelos seus advers\u00e1rios, que continuam ativos e fazendo pol\u00edtica 24 horas por dia, nas barbas dos anestesiados &#8216;gabirabas&#8217;, que continuam no compasso de espera, por decreto dos seus caciques.<\/p>\n<p>A uni\u00e3o das oposi\u00e7\u00f5es \u00e9 defendida por todos os partidos que se op\u00f5em \u00e0 atual administra\u00e7\u00e3o, mas n\u00e3o deve ser decidida em Salvador e empurrada goela abaixo pelos figur\u00f5es do PMDB e DEM, como pensa Geddel e Virg\u00ednia Hagge, que ainda sonha em voltar \u00e0 Assembl\u00e9ia Legislativa, com os votos dos sofridos e abandonados gabirabas. Assim, fica dif\u00edcil.<\/p>\n<p>Creio que a declara\u00e7\u00e3o de Geddel pegou de surpresa at\u00e9 o pr\u00f3prio Z\u00e9 Ot\u00e1vio, que continua afirmando peremptoriamente que n\u00e3o ser\u00e1 candidato, ao contr\u00e1rio de K\u00e1tia, Rodolfo e Silvio Macedo, que n\u00e3o escondem para ningu\u00e9m o desejo de disputarem o pleito pela legenda peemedebista, com todos os m\u00e9ritos.\u00a0Que a &#8216;mancada&#8217; de Geddel sirva de exemplo para que os figur\u00f5es do PMDB entendam, de uma vez por todas, que pol\u00edtica do interior n\u00e3o se faz na capital.<\/p>\n<p>Michel sabe muito bem\u00a0disto&#8230;<\/p>\n<p><strong><em>Por DAVI FERRAZ<\/em><\/strong><\/p>\n<p>&nbsp;<\/p>\n","protected":false},"excerpt":{"rendered":"<p>&nbsp; ITAPETINGA: A declara\u00e7\u00e3o de Geddel, durante a Expoconquista no \u00faltimo final de semana, acenando para um suposto apoio do PMDB \u00e0 candidatura do ex-prefeito Jos\u00e9 Ot\u00e1vio Curvello (DEM), n\u00e3o foi bem recebida pelos seus correligion\u00e1rios em Itapetinga, o que demonstra o desprezo dos caciques peemedebistas em rela\u00e7\u00e3o \u00e0s lideran\u00e7as locais do partido, que aspiram, [&hellip;]<\/p>\n","protected":false},"author":2,"featured_media":0,"comment_status":"open","ping_status":"open","sticky":false,"template":"","format":"standard","meta":{"footnotes":"","_links_to":"","_links_to_target":""},"categories":[1],"tags":[],"class_list":["post-14221","post","type-post","status-publish","format-standard","hentry","category-geral"],"views":1267,"_links":{"self":[{"href":"https:\/\/www.sudoestehoje.com.br\/novoportal\/wp-json\/wp\/v2\/posts\/14221","targetHints":{"allow":["GET"]}}],"collection":[{"href":"https:\/\/www.sudoestehoje.com.br\/novoportal\/wp-json\/wp\/v2\/posts"}],"about":[{"href":"https:\/\/www.sudoestehoje.com.br\/novoportal\/wp-json\/wp\/v2\/types\/post"}],"author":[{"embeddable":true,"href":"https:\/\/www.sudoestehoje.com.br\/novoportal\/wp-json\/wp\/v2\/users\/2"}],"replies":[{"embeddable":true,"href":"https:\/\/www.sudoestehoje.com.br\/novoportal\/wp-json\/wp\/v2\/comments?post=14221"}],"version-history":[{"count":7,"href":"https:\/\/www.sudoestehoje.com.br\/novoportal\/wp-json\/wp\/v2\/posts\/14221\/revisions"}],"predecessor-version":[{"id":14272,"href":"https:\/\/www.sudoestehoje.com.br\/novoportal\/wp-json\/wp\/v2\/posts\/14221\/revisions\/14272"}],"wp:attachment":[{"href":"https:\/\/www.sudoestehoje.com.br\/novoportal\/wp-json\/wp\/v2\/media?parent=14221"}],"wp:term":[{"taxonomy":"category","embeddable":true,"href":"https:\/\/www.sudoestehoje.com.br\/novoportal\/wp-json\/wp\/v2\/categories?post=14221"},{"taxonomy":"post_tag","embeddable":true,"href":"https:\/\/www.sudoestehoje.com.br\/novoportal\/wp-json\/wp\/v2\/tags?post=14221"}],"curies":[{"name":"wp","href":"https:\/\/api.w.org\/{rel}","templated":true}]}}