
{"id":14208,"date":"2012-04-03T00:05:50","date_gmt":"2012-04-03T03:05:50","guid":{"rendered":"http:\/\/www.sudoestehoje.com.br\/novoportal\/?p=14208"},"modified":"2012-04-03T00:06:41","modified_gmt":"2012-04-03T03:06:41","slug":"psb-de-itapetinga-participa-de-seminario-em-brasilia","status":"publish","type":"post","link":"https:\/\/www.sudoestehoje.com.br\/novoportal\/2012\/04\/03\/psb-de-itapetinga-participa-de-seminario-em-brasilia\/","title":{"rendered":"PSB DE ITAPETINGA PARTICIPA DE SEMIN\u00c1RIO EM BRASILIA"},"content":{"rendered":"<p><img decoding=\"async\" class=\"aligncenter\" src=\"http:\/\/4.bp.blogspot.com\/-TVSB81SBDPU\/T3bihP8w4LI\/AAAAAAAAAVc\/Zid7u5LX_jE\/s640\/DSC08179.JPG\" alt=\"\" width=\"400\" \/><\/p>\n<p>&nbsp;<\/p>\n<p>Nos dias 30 e 31 de mar\u00e7o, a Executiva do PSB de Itapetinga (Jorge Pantera, Ded\u00e9 Morais, Marcelo Santana e Nem do T\u00e1xi) participaram do Semin\u00e1rio preparat\u00f3rio para as elei\u00e7\u00f5es municipais 2012, em Bras\u00edlia, promovido pela FJM\/PSB.<\/p>\n<p>O evento teve como principais palestrantes o Governador Eduardo Campos, Presidente do PSB e Carlos Siqueira, presidente da Funda\u00e7\u00e3o Jo\u00e3o Mangabeira que apresentou o v\u00eddeo \u201cPlanejar Para Transformar\u201d.<\/p>\n<p><img decoding=\"async\" class=\"aligncenter\" src=\"http:\/\/1.bp.blogspot.com\/-0vbML5WgFHE\/T3biyTT7KAI\/AAAAAAAAAVk\/utHZq43QsQc\/s320\/DSC08223.JPG\" alt=\"\" width=\"400\" \/><\/p>\n<p style=\"text-align: center;\"><em>Membros do PSB de Itapetinga com a senadora L\u00eddice da Mata<\/em><\/p>\n<p>O semin\u00e1rio teve ainda como pauta, palestras com os seguintes temas:<\/p>\n<p>&#8211; Construindo o Programa de Governa apresentado por: Luciano Ducci, prefeito de Curitiba e o professor Sinoel Batista, especialista em Pol\u00edticas P\u00fablicas;<\/p>\n<p>&#8211; Compartilhando Experi\u00eancias Exitosas do PSB, tendo como expositores o prefeito de Belo Horizonte, M\u00e1rcio Lacerda, a ex-prefeita de Nova Friburgo (RJ), Saudade Braga, o ex-prefeito de S\u00e3o Vicente (SP), M\u00e1rcio Fran\u00e7a, o\u00a0prefeito de Paulista (SP), Yves Ribeiro, e o prefeito de Carna\u00edba (PE), Anchieta Patriota.<\/p>\n<p>Para o encerramento, foi apresentado o painel\u00a0\u2018Estrat\u00e9gia Eleitoral\u2019, apresentado pelos expositores Roberto Amaral, vice-presidente do PSB e\u00a0Edson Barbosa, publicit\u00e1rio.<\/p>\n<p>Durante todo o evento houve contatos entre a comitiva do PSB de Itapetinga com os principais lideres do PSB nacional, tendo como destaque a Senadora L\u00eddice da Matta. Aconteceu ainda uma visita programada ao gabinete da senadora, no Congresso Nacional.<\/p>\n<p><em>\u00a0<\/em><\/p>\n<p><strong><em>Ascom PSB Itapetinga<\/em><\/strong><\/p>\n","protected":false},"excerpt":{"rendered":"<p>&nbsp; Nos dias 30 e 31 de mar\u00e7o, a Executiva do PSB de Itapetinga (Jorge Pantera, Ded\u00e9 Morais, Marcelo Santana e Nem do T\u00e1xi) participaram do Semin\u00e1rio preparat\u00f3rio para as elei\u00e7\u00f5es municipais 2012, em Bras\u00edlia, promovido pela FJM\/PSB. O evento teve como principais palestrantes o Governador Eduardo Campos, Presidente do PSB e Carlos Siqueira, presidente [&hellip;]<\/p>\n","protected":false},"author":2,"featured_media":0,"comment_status":"open","ping_status":"open","sticky":false,"template":"","format":"standard","meta":{"footnotes":"","_links_to":"","_links_to_target":""},"categories":[1],"tags":[],"class_list":["post-14208","post","type-post","status-publish","format-standard","hentry","category-geral"],"views":1458,"_links":{"self":[{"href":"https:\/\/www.sudoestehoje.com.br\/novoportal\/wp-json\/wp\/v2\/posts\/14208","targetHints":{"allow":["GET"]}}],"collection":[{"href":"https:\/\/www.sudoestehoje.com.br\/novoportal\/wp-json\/wp\/v2\/posts"}],"about":[{"href":"https:\/\/www.sudoestehoje.com.br\/novoportal\/wp-json\/wp\/v2\/types\/post"}],"author":[{"embeddable":true,"href":"https:\/\/www.sudoestehoje.com.br\/novoportal\/wp-json\/wp\/v2\/users\/2"}],"replies":[{"embeddable":true,"href":"https:\/\/www.sudoestehoje.com.br\/novoportal\/wp-json\/wp\/v2\/comments?post=14208"}],"version-history":[{"count":5,"href":"https:\/\/www.sudoestehoje.com.br\/novoportal\/wp-json\/wp\/v2\/posts\/14208\/revisions"}],"predecessor-version":[{"id":14214,"href":"https:\/\/www.sudoestehoje.com.br\/novoportal\/wp-json\/wp\/v2\/posts\/14208\/revisions\/14214"}],"wp:attachment":[{"href":"https:\/\/www.sudoestehoje.com.br\/novoportal\/wp-json\/wp\/v2\/media?parent=14208"}],"wp:term":[{"taxonomy":"category","embeddable":true,"href":"https:\/\/www.sudoestehoje.com.br\/novoportal\/wp-json\/wp\/v2\/categories?post=14208"},{"taxonomy":"post_tag","embeddable":true,"href":"https:\/\/www.sudoestehoje.com.br\/novoportal\/wp-json\/wp\/v2\/tags?post=14208"}],"curies":[{"name":"wp","href":"https:\/\/api.w.org\/{rel}","templated":true}]}}