
{"id":14186,"date":"2012-04-01T20:52:53","date_gmt":"2012-04-01T23:52:53","guid":{"rendered":"http:\/\/www.sudoestehoje.com.br\/novoportal\/?p=14186"},"modified":"2012-04-01T20:58:45","modified_gmt":"2012-04-01T23:58:45","slug":"ibucui-marcos-galvao-esta-prestigiado-pela-cupula-petista","status":"publish","type":"post","link":"https:\/\/www.sudoestehoje.com.br\/novoportal\/2012\/04\/01\/ibucui-marcos-galvao-esta-prestigiado-pela-cupula-petista\/","title":{"rendered":"IBICU\u00cd: MARCOS GALV\u00c3O EST\u00c1 PRESTIGIADO PELA C\u00daPULA PETISTA"},"content":{"rendered":"<p><img decoding=\"async\" class=\"aligncenter\" src=\"http:\/\/www.politicosdosuldabahia.com.br\/v1\/wp-content\/uploads\/Marcos-com-Jaques-Wagner-e-Comitiva.jpg\" alt=\"\" width=\"400\" \/><\/p>\n<p style=\"text-align: center;\"><em>Marcos Galv\u00e3o ao lado de Wagner, Walter Pinheiro e L\u00eddice da Mata<\/em><\/p>\n<p>&nbsp;<\/p>\n<p>IBICU\u00cd: O pr\u00e9-candidato a prefeito de Ibicu\u00ed, Marcos Galv\u00e3o, tem pouco tempo de PT, mas j\u00e1 est\u00e1 gozando de grande prest\u00edgio dentro do partido. Prova disso foi quando o governador Wagner esteve em Itamb\u00e9, onde Marcos circulou com bastante desenvoltura no palanque oficial. Marcos entrou no PT com o aval do deputado federal Josias Gomes (PT) e \u00e9 a aposta do partido para chegar ao poder na cidade do S\u00e3o Jo\u00e3o.<\/p>\n","protected":false},"excerpt":{"rendered":"<p>Marcos Galv\u00e3o ao lado de Wagner, Walter Pinheiro e L\u00eddice da Mata &nbsp; IBICU\u00cd: O pr\u00e9-candidato a prefeito de Ibicu\u00ed, Marcos Galv\u00e3o, tem pouco tempo de PT, mas j\u00e1 est\u00e1 gozando de grande prest\u00edgio dentro do partido. Prova disso foi quando o governador Wagner esteve em Itamb\u00e9, onde Marcos circulou com bastante desenvoltura no palanque [&hellip;]<\/p>\n","protected":false},"author":2,"featured_media":0,"comment_status":"open","ping_status":"open","sticky":false,"template":"","format":"standard","meta":{"footnotes":"","_links_to":"","_links_to_target":""},"categories":[1],"tags":[],"class_list":["post-14186","post","type-post","status-publish","format-standard","hentry","category-geral"],"views":1254,"_links":{"self":[{"href":"https:\/\/www.sudoestehoje.com.br\/novoportal\/wp-json\/wp\/v2\/posts\/14186","targetHints":{"allow":["GET"]}}],"collection":[{"href":"https:\/\/www.sudoestehoje.com.br\/novoportal\/wp-json\/wp\/v2\/posts"}],"about":[{"href":"https:\/\/www.sudoestehoje.com.br\/novoportal\/wp-json\/wp\/v2\/types\/post"}],"author":[{"embeddable":true,"href":"https:\/\/www.sudoestehoje.com.br\/novoportal\/wp-json\/wp\/v2\/users\/2"}],"replies":[{"embeddable":true,"href":"https:\/\/www.sudoestehoje.com.br\/novoportal\/wp-json\/wp\/v2\/comments?post=14186"}],"version-history":[{"count":4,"href":"https:\/\/www.sudoestehoje.com.br\/novoportal\/wp-json\/wp\/v2\/posts\/14186\/revisions"}],"predecessor-version":[{"id":14189,"href":"https:\/\/www.sudoestehoje.com.br\/novoportal\/wp-json\/wp\/v2\/posts\/14186\/revisions\/14189"}],"wp:attachment":[{"href":"https:\/\/www.sudoestehoje.com.br\/novoportal\/wp-json\/wp\/v2\/media?parent=14186"}],"wp:term":[{"taxonomy":"category","embeddable":true,"href":"https:\/\/www.sudoestehoje.com.br\/novoportal\/wp-json\/wp\/v2\/categories?post=14186"},{"taxonomy":"post_tag","embeddable":true,"href":"https:\/\/www.sudoestehoje.com.br\/novoportal\/wp-json\/wp\/v2\/tags?post=14186"}],"curies":[{"name":"wp","href":"https:\/\/api.w.org\/{rel}","templated":true}]}}